{"id":2604,"date":"2022-05-28T17:00:01","date_gmt":"2022-05-28T16:00:01","guid":{"rendered":"https:\/\/www.mvbreitenau.at\/v2\/?p=2604"},"modified":"2022-06-06T12:25:51","modified_gmt":"2022-06-06T11:25:51","slug":"kirtagbaumaufstellen-in-breitenau","status":"publish","type":"post","link":"http:\/\/www.mvbreitenau.at\/v2\/?p=2604","title":{"rendered":"Kirtagbaumaufstellen in Breitenau"},"content":{"rendered":"\n<p>R\u00fcckblick &#8211; Kirtagbaumaufstellen 2022<\/p>\n\n\n\n<p>Der Hauptdarsteller dieses Nachmittags, wie immer &#8222;der sch\u00f6nste und gr\u00f6\u00dfte Baum des Jahres&#8220;, durfte wahrlich \u00fcber sich hinauswachsen.<\/p>\n\n\n\n<p>Da in den Vorjahren selbst rund um B\u00e4umen gr\u00f6\u00dfere Ansammlungen untersagt waren, wurde das F\u00e4llen des Kirtagbaumes 2020 eben im Mai 2022 nachgeholt.<\/p>\n\n\n\n<p>Wie die Bilder beweisen, wurde der(!) Baum noch aufgefunden, die Werkzeuge waren einsatzbereit und die Partie der Holzf\u00e4ller haben auch nichts verlernt. Nachgeholt wurde auch das traditionelle Kirtagbaumaufstellen am Sa. 28.05.2022 in der Parkanlage in Breitenau.<\/p>\n\n\n\n<p>Bei atypisch gutem Wetter fanden sich neben einigen Musikanten auch zahlreichen Personen aus und rund um Breitenau im Park ein.<\/p>\n\n\n\n<p>Die wahren Champions des Abend waren nicht jene im Fussballendspiel in Paris, sondern jene, die den Baum bis in die Morgenstunden des darauffolgenden Sonntag bewachten \/ h\u00fcteten \/ umarmten \/ sicherten.<\/p>\n\n\n\n<p>Danken f\u00fcr die Baumspende d\u00fcrfen wir diesmal der Familie unseres &#8222;Altobmanns&#8220; und derzeitigen Obfau-Stv. Martin Kratochvil. Nicht unerw\u00e4hnt lassen und danken wollen wir auch der Fa. Duskanich und der Freiwilligen Feuerwehr Breitenau f\u00fcr die Unterst\u00fctzung beim Aufstellen und Sichern.<\/p>\n\n\n\n<p><\/p>\n\n\n<div class=\"wp-block-image\">\n<figure class=\"aligncenter size-large is-resized\"><img fetchpriority=\"high\" decoding=\"async\" src=\"https:\/\/www.mvbreitenau.at\/v2\/wp-content\/uploads\/2022\/06\/20220529-Kirtagbaum1-763x1024.jpg\" alt=\"\" class=\"wp-image-2608\" width=\"421\" height=\"566\" srcset=\"http:\/\/www.mvbreitenau.at\/v2\/wp-content\/uploads\/2022\/06\/20220529-Kirtagbaum1-763x1024.jpg 763w, http:\/\/www.mvbreitenau.at\/v2\/wp-content\/uploads\/2022\/06\/20220529-Kirtagbaum1-224x300.jpg 224w, http:\/\/www.mvbreitenau.at\/v2\/wp-content\/uploads\/2022\/06\/20220529-Kirtagbaum1-768x1030.jpg 768w, http:\/\/www.mvbreitenau.at\/v2\/wp-content\/uploads\/2022\/06\/20220529-Kirtagbaum1.jpg 1051w\" sizes=\"(max-width: 421px) 100vw, 421px\" \/><figcaption>Team Kirtagbaum-Spender \/ Aufsteller 2022<\/figcaption><\/figure>\n<\/div>\n\n\n<hr class=\"wp-block-separator has-alpha-channel-opacity\"\/>\n\n\n\n<p>(HaMa)<\/p>\n","protected":false},"excerpt":{"rendered":"<p>R\u00fcckblick &#8211; Kirtagbaumaufstellen 2022 Der Hauptdarsteller dieses Nachmittags, wie immer &#8222;der sch\u00f6nste und gr\u00f6\u00dfte Baum des Jahres&#8220;, durfte wahrlich \u00fcber sich hinauswachsen. Da in den Vorjahren selbst rund um B\u00e4umen gr\u00f6\u00dfere Ansammlungen untersagt waren, wurde das F\u00e4llen des Kirtagbaumes 2020 eben im Mai 2022 nachgeholt. Wie die Bilder beweisen, wurde der(!) Baum noch aufgefunden, die [&hellip;]<\/p>\n","protected":false},"author":3,"featured_media":2611,"comment_status":"closed","ping_status":"closed","sticky":false,"template":"","format":"standard","meta":{"ocean_post_layout":"","ocean_both_sidebars_style":"","ocean_both_sidebars_content_width":0,"ocean_both_sidebars_sidebars_width":0,"ocean_sidebar":"0","ocean_second_sidebar":"0","ocean_disable_margins":"enable","ocean_add_body_class":"","ocean_shortcode_before_top_bar":"","ocean_shortcode_after_top_bar":"","ocean_shortcode_before_header":"","ocean_shortcode_after_header":"","ocean_has_shortcode":"","ocean_shortcode_after_title":"","ocean_shortcode_before_footer_widgets":"","ocean_shortcode_after_footer_widgets":"","ocean_shortcode_before_footer_bottom":"","ocean_shortcode_after_footer_bottom":"","ocean_display_top_bar":"default","ocean_display_header":"default","ocean_header_style":"","ocean_center_header_left_menu":"0","ocean_custom_header_template":"0","ocean_custom_logo":0,"ocean_custom_retina_logo":0,"ocean_custom_logo_max_width":0,"ocean_custom_logo_tablet_max_width":0,"ocean_custom_logo_mobile_max_width":0,"ocean_custom_logo_max_height":0,"ocean_custom_logo_tablet_max_height":0,"ocean_custom_logo_mobile_max_height":0,"ocean_header_custom_menu":"0","ocean_menu_typo_font_family":"0","ocean_menu_typo_font_subset":"","ocean_menu_typo_font_size":0,"ocean_menu_typo_font_size_tablet":0,"ocean_menu_typo_font_size_mobile":0,"ocean_menu_typo_font_size_unit":"px","ocean_menu_typo_font_weight":"","ocean_menu_typo_font_weight_tablet":"","ocean_menu_typo_font_weight_mobile":"","ocean_menu_typo_transform":"","ocean_menu_typo_transform_tablet":"","ocean_menu_typo_transform_mobile":"","ocean_menu_typo_line_height":0,"ocean_menu_typo_line_height_tablet":0,"ocean_menu_typo_line_height_mobile":0,"ocean_menu_typo_line_height_unit":"","ocean_menu_typo_spacing":0,"ocean_menu_typo_spacing_tablet":0,"ocean_menu_typo_spacing_mobile":0,"ocean_menu_typo_spacing_unit":"","ocean_menu_link_color":"","ocean_menu_link_color_hover":"","ocean_menu_link_color_active":"","ocean_menu_link_background":"","ocean_menu_link_hover_background":"","ocean_menu_link_active_background":"","ocean_menu_social_links_bg":"","ocean_menu_social_hover_links_bg":"","ocean_menu_social_links_color":"","ocean_menu_social_hover_links_color":"","ocean_disable_title":"default","ocean_disable_heading":"default","ocean_post_title":"","ocean_post_subheading":"","ocean_post_title_style":"","ocean_post_title_background_color":"","ocean_post_title_background":0,"ocean_post_title_bg_image_position":"","ocean_post_title_bg_image_attachment":"","ocean_post_title_bg_image_repeat":"","ocean_post_title_bg_image_size":"","ocean_post_title_height":0,"ocean_post_title_bg_overlay":0.5,"ocean_post_title_bg_overlay_color":"","ocean_disable_breadcrumbs":"default","ocean_breadcrumbs_color":"","ocean_breadcrumbs_separator_color":"","ocean_breadcrumbs_links_color":"","ocean_breadcrumbs_links_hover_color":"","ocean_display_footer_widgets":"default","ocean_display_footer_bottom":"default","ocean_custom_footer_template":"0","ocean_post_oembed":"","ocean_post_self_hosted_media":"","ocean_post_video_embed":"","ocean_link_format":"","ocean_link_format_target":"self","ocean_quote_format":"","ocean_quote_format_link":"post","ocean_gallery_link_images":"off","ocean_gallery_id":[],"footnotes":""},"categories":[47,36,35],"tags":[],"class_list":["post-2604","post","type-post","status-publish","format-standard","has-post-thumbnail","hentry","category-47","category-bericht","category-vereinsleben","entry","has-media"],"_links":{"self":[{"href":"http:\/\/www.mvbreitenau.at\/v2\/index.php?rest_route=\/wp\/v2\/posts\/2604","targetHints":{"allow":["GET"]}}],"collection":[{"href":"http:\/\/www.mvbreitenau.at\/v2\/index.php?rest_route=\/wp\/v2\/posts"}],"about":[{"href":"http:\/\/www.mvbreitenau.at\/v2\/index.php?rest_route=\/wp\/v2\/types\/post"}],"author":[{"embeddable":true,"href":"http:\/\/www.mvbreitenau.at\/v2\/index.php?rest_route=\/wp\/v2\/users\/3"}],"replies":[{"embeddable":true,"href":"http:\/\/www.mvbreitenau.at\/v2\/index.php?rest_route=%2Fwp%2Fv2%2Fcomments&post=2604"}],"version-history":[{"count":2,"href":"http:\/\/www.mvbreitenau.at\/v2\/index.php?rest_route=\/wp\/v2\/posts\/2604\/revisions"}],"predecessor-version":[{"id":2609,"href":"http:\/\/www.mvbreitenau.at\/v2\/index.php?rest_route=\/wp\/v2\/posts\/2604\/revisions\/2609"}],"wp:featuredmedia":[{"embeddable":true,"href":"http:\/\/www.mvbreitenau.at\/v2\/index.php?rest_route=\/wp\/v2\/media\/2611"}],"wp:attachment":[{"href":"http:\/\/www.mvbreitenau.at\/v2\/index.php?rest_route=%2Fwp%2Fv2%2Fmedia&parent=2604"}],"wp:term":[{"taxonomy":"category","embeddable":true,"href":"http:\/\/www.mvbreitenau.at\/v2\/index.php?rest_route=%2Fwp%2Fv2%2Fcategories&post=2604"},{"taxonomy":"post_tag","embeddable":true,"href":"http:\/\/www.mvbreitenau.at\/v2\/index.php?rest_route=%2Fwp%2Fv2%2Ftags&post=2604"}],"curies":[{"name":"wp","href":"https:\/\/api.w.org\/{rel}","templated":true}]}}