{"id":2733,"date":"2022-09-10T16:00:39","date_gmt":"2022-09-10T15:00:39","guid":{"rendered":"https:\/\/www.mvbreitenau.at\/v2\/?p=2733"},"modified":"2022-09-26T19:03:03","modified_gmt":"2022-09-26T18:03:03","slug":"daemmerschoppen-im-spaetsommer","status":"publish","type":"post","link":"http:\/\/www.mvbreitenau.at\/v2\/?p=2733","title":{"rendered":"D\u00e4mmerschoppen im Sp\u00e4tsommer"},"content":{"rendered":"\n<p>War es wirklich wunderbar?<\/p>\n\n\n\n<p>Breitenau, 10.09.2022<\/p>\n\n\n\n<p>Da im Jahr 2022 leider die Breitenauer Wiesn kurzfristig vom Co-Veranstalter abgesagt werden musste, haben wir vom MV Breitenau ein Notprogramm ins Leben gerufen, welches vielleicht die Chance hat vom Provisorium zum Fixpunkt zu werden.<\/p>\n\n\n\n<p>Einen &#8222;D\u00e4mmerschoppen im Sp\u00e4tsommer&#8220; gab es bisher nicht &#8211; Unter dem Motto &#8222;Es gibt kein schlechtes Wetter, sondern nur unpassende Kleidung&#8220; wagten wir dieses kurzfristig eingeplante Fest. Das Wetter kann man maximal prognostizieren &#8211; zuletzt war war selbst diese ein Lotteriespiel &#8211; aber den guten Besuch der Breitenauer Bev\u00f6lkerung, der Musib\u00e4ren und Freunde aus der Umgebung kann man quasi als fix ansehen. Auch das Wetter hatte es gut mit uns gemeint, zwar hatte es tags\u00fcber noch geregnet und ein leichter Wind sorgte sp\u00e4ter daf\u00fcr, dass die musikalischen Kl\u00e4nge weitergetragen wurden.<\/p>\n\n\n\n<figure class=\"wp-block-image size-full\"><img fetchpriority=\"high\" decoding=\"async\" width=\"982\" height=\"391\" src=\"https:\/\/www.mvbreitenau.at\/v2\/wp-content\/uploads\/2022\/09\/image-4.png\" alt=\"\" class=\"wp-image-2736\" srcset=\"http:\/\/www.mvbreitenau.at\/v2\/wp-content\/uploads\/2022\/09\/image-4.png 982w, http:\/\/www.mvbreitenau.at\/v2\/wp-content\/uploads\/2022\/09\/image-4-300x119.png 300w, http:\/\/www.mvbreitenau.at\/v2\/wp-content\/uploads\/2022\/09\/image-4-768x306.png 768w\" sizes=\"(max-width: 982px) 100vw, 982px\" \/><\/figure>\n\n\n\n<p>Helmut &#8222;Wunderbar&#8220; Maier, 1. Fl\u00fcgelhornist, B\u00fcrgermeister und an diesem Tag unsere Gesangs- und Moderatorenstimme f\u00fchrte auf gesellige Art und Weise durch den Nachmittag und Abend.<\/p>\n\n\n\n<p>Wie so oft waren manche b\u00f6hmische Polka- und Walzerst\u00fccke vom Titel her ein eher Zungenbrecher, melodisch passten diese aber gut zum Rahmen des Tages. Helmut hat auf wunderbare Weise unsere, aus seiner Sicht wunderbar vorgetragenen St\u00fccke kommentiert, aber auch angek\u00fcndigt und damit die Erwartung sowie die Fokussierung auf Solo\/Soli-Stellen gesteigert.<\/p>\n\n\n\n<figure class=\"wp-block-image size-full\"><img decoding=\"async\" width=\"945\" height=\"459\" src=\"https:\/\/www.mvbreitenau.at\/v2\/wp-content\/uploads\/2022\/09\/image-3.png\" alt=\"\" class=\"wp-image-2735\" srcset=\"http:\/\/www.mvbreitenau.at\/v2\/wp-content\/uploads\/2022\/09\/image-3.png 945w, http:\/\/www.mvbreitenau.at\/v2\/wp-content\/uploads\/2022\/09\/image-3-300x146.png 300w, http:\/\/www.mvbreitenau.at\/v2\/wp-content\/uploads\/2022\/09\/image-3-768x373.png 768w\" sizes=\"(max-width: 945px) 100vw, 945px\" \/><\/figure>\n\n\n\n<p>Mit den letzten Sonnenstrahlen verabschiedete sich auch langsam unser musikalischer Ansatz &#8211; mit dem Rainer-Marsch und der Slavonicka Polka wurde der D\u00e4mmerschoppen musikalisch abgeschlossen. Die &#8222;Weinkost&#8220; wurde aber erst Stunden sp\u00e4ter geschlossen, denn die G\u00e4ste genossen den AfterD\u00e4mmerschoppen bis in die Nacht hinein.<\/p>\n\n\n\n<figure class=\"wp-block-image size-large\"><img decoding=\"async\" width=\"1024\" height=\"333\" src=\"https:\/\/www.mvbreitenau.at\/v2\/wp-content\/uploads\/2022\/09\/image-5-1024x333.png\" alt=\"\" class=\"wp-image-2737\" srcset=\"http:\/\/www.mvbreitenau.at\/v2\/wp-content\/uploads\/2022\/09\/image-5-1024x333.png 1024w, http:\/\/www.mvbreitenau.at\/v2\/wp-content\/uploads\/2022\/09\/image-5-300x98.png 300w, http:\/\/www.mvbreitenau.at\/v2\/wp-content\/uploads\/2022\/09\/image-5-768x250.png 768w, http:\/\/www.mvbreitenau.at\/v2\/wp-content\/uploads\/2022\/09\/image-5.png 1230w\" sizes=\"(max-width: 1024px) 100vw, 1024px\" \/><\/figure>\n\n\n\n<p>Genau so soll es sein und wie eingangs erw\u00e4hnt, wenn Stimmung \/ Kleidung \/ Gesell(ig)schaft passt kann ein L\u00fcftchen oder ein kleiner Schauer dem nichts anhaben. Gem\u00e4\u00df der Medien und Berichte m\u00fcssen wir uns sowieso an andere Temperaturen, wie eben diese an diesem Abend gew\u00f6hnen, aber im Vergleich zu den Vorjahren ist das Zusammenr\u00fccken wieder erlaubt, ich pers\u00f6nlich meine sogar notwendiger denn je.<\/p>\n\n\n\n<p>&#8212;<br>HaMa<\/p>\n","protected":false},"excerpt":{"rendered":"<p>War es wirklich wunderbar? Breitenau, 10.09.2022 Da im Jahr 2022 leider die Breitenauer Wiesn kurzfristig vom Co-Veranstalter abgesagt werden musste, haben wir vom MV Breitenau ein Notprogramm ins Leben gerufen, welches vielleicht die Chance hat vom Provisorium zum Fixpunkt zu werden. Einen &#8222;D\u00e4mmerschoppen im Sp\u00e4tsommer&#8220; gab es bisher nicht &#8211; Unter dem Motto &#8222;Es gibt [&hellip;]<\/p>\n","protected":false},"author":3,"featured_media":2738,"comment_status":"closed","ping_status":"closed","sticky":false,"template":"","format":"standard","meta":{"ocean_post_layout":"","ocean_both_sidebars_style":"","ocean_both_sidebars_content_width":0,"ocean_both_sidebars_sidebars_width":0,"ocean_sidebar":"0","ocean_second_sidebar":"0","ocean_disable_margins":"enable","ocean_add_body_class":"","ocean_shortcode_before_top_bar":"","ocean_shortcode_after_top_bar":"","ocean_shortcode_before_header":"","ocean_shortcode_after_header":"","ocean_has_shortcode":"","ocean_shortcode_after_title":"","ocean_shortcode_before_footer_widgets":"","ocean_shortcode_after_footer_widgets":"","ocean_shortcode_before_footer_bottom":"","ocean_shortcode_after_footer_bottom":"","ocean_display_top_bar":"default","ocean_display_header":"default","ocean_header_style":"","ocean_center_header_left_menu":"0","ocean_custom_header_template":"0","ocean_custom_logo":0,"ocean_custom_retina_logo":0,"ocean_custom_logo_max_width":0,"ocean_custom_logo_tablet_max_width":0,"ocean_custom_logo_mobile_max_width":0,"ocean_custom_logo_max_height":0,"ocean_custom_logo_tablet_max_height":0,"ocean_custom_logo_mobile_max_height":0,"ocean_header_custom_menu":"0","ocean_menu_typo_font_family":"0","ocean_menu_typo_font_subset":"","ocean_menu_typo_font_size":0,"ocean_menu_typo_font_size_tablet":0,"ocean_menu_typo_font_size_mobile":0,"ocean_menu_typo_font_size_unit":"px","ocean_menu_typo_font_weight":"","ocean_menu_typo_font_weight_tablet":"","ocean_menu_typo_font_weight_mobile":"","ocean_menu_typo_transform":"","ocean_menu_typo_transform_tablet":"","ocean_menu_typo_transform_mobile":"","ocean_menu_typo_line_height":0,"ocean_menu_typo_line_height_tablet":0,"ocean_menu_typo_line_height_mobile":0,"ocean_menu_typo_line_height_unit":"","ocean_menu_typo_spacing":0,"ocean_menu_typo_spacing_tablet":0,"ocean_menu_typo_spacing_mobile":0,"ocean_menu_typo_spacing_unit":"","ocean_menu_link_color":"","ocean_menu_link_color_hover":"","ocean_menu_link_color_active":"","ocean_menu_link_background":"","ocean_menu_link_hover_background":"","ocean_menu_link_active_background":"","ocean_menu_social_links_bg":"","ocean_menu_social_hover_links_bg":"","ocean_menu_social_links_color":"","ocean_menu_social_hover_links_color":"","ocean_disable_title":"default","ocean_disable_heading":"default","ocean_post_title":"","ocean_post_subheading":"","ocean_post_title_style":"","ocean_post_title_background_color":"","ocean_post_title_background":0,"ocean_post_title_bg_image_position":"","ocean_post_title_bg_image_attachment":"","ocean_post_title_bg_image_repeat":"","ocean_post_title_bg_image_size":"","ocean_post_title_height":0,"ocean_post_title_bg_overlay":0.5,"ocean_post_title_bg_overlay_color":"","ocean_disable_breadcrumbs":"default","ocean_breadcrumbs_color":"","ocean_breadcrumbs_separator_color":"","ocean_breadcrumbs_links_color":"","ocean_breadcrumbs_links_hover_color":"","ocean_display_footer_widgets":"default","ocean_display_footer_bottom":"default","ocean_custom_footer_template":"0","ocean_post_oembed":"","ocean_post_self_hosted_media":"","ocean_post_video_embed":"","ocean_link_format":"","ocean_link_format_target":"self","ocean_quote_format":"","ocean_quote_format_link":"post","ocean_gallery_link_images":"off","ocean_gallery_id":[],"footnotes":""},"categories":[47,36,35],"tags":[],"class_list":["post-2733","post","type-post","status-publish","format-standard","has-post-thumbnail","hentry","category-47","category-bericht","category-vereinsleben","entry","has-media"],"_links":{"self":[{"href":"http:\/\/www.mvbreitenau.at\/v2\/index.php?rest_route=\/wp\/v2\/posts\/2733","targetHints":{"allow":["GET"]}}],"collection":[{"href":"http:\/\/www.mvbreitenau.at\/v2\/index.php?rest_route=\/wp\/v2\/posts"}],"about":[{"href":"http:\/\/www.mvbreitenau.at\/v2\/index.php?rest_route=\/wp\/v2\/types\/post"}],"author":[{"embeddable":true,"href":"http:\/\/www.mvbreitenau.at\/v2\/index.php?rest_route=\/wp\/v2\/users\/3"}],"replies":[{"embeddable":true,"href":"http:\/\/www.mvbreitenau.at\/v2\/index.php?rest_route=%2Fwp%2Fv2%2Fcomments&post=2733"}],"version-history":[{"count":3,"href":"http:\/\/www.mvbreitenau.at\/v2\/index.php?rest_route=\/wp\/v2\/posts\/2733\/revisions"}],"predecessor-version":[{"id":2741,"href":"http:\/\/www.mvbreitenau.at\/v2\/index.php?rest_route=\/wp\/v2\/posts\/2733\/revisions\/2741"}],"wp:featuredmedia":[{"embeddable":true,"href":"http:\/\/www.mvbreitenau.at\/v2\/index.php?rest_route=\/wp\/v2\/media\/2738"}],"wp:attachment":[{"href":"http:\/\/www.mvbreitenau.at\/v2\/index.php?rest_route=%2Fwp%2Fv2%2Fmedia&parent=2733"}],"wp:term":[{"taxonomy":"category","embeddable":true,"href":"http:\/\/www.mvbreitenau.at\/v2\/index.php?rest_route=%2Fwp%2Fv2%2Fcategories&post=2733"},{"taxonomy":"post_tag","embeddable":true,"href":"http:\/\/www.mvbreitenau.at\/v2\/index.php?rest_route=%2Fwp%2Fv2%2Ftags&post=2733"}],"curies":[{"name":"wp","href":"https:\/\/api.w.org\/{rel}","templated":true}]}}