{"id":2746,"date":"2022-11-19T19:00:40","date_gmt":"2022-11-19T18:00:40","guid":{"rendered":"https:\/\/www.mvbreitenau.at\/v2\/?p=2746"},"modified":"2022-12-08T17:16:31","modified_gmt":"2022-12-08T16:16:31","slug":"herbstkonzert2022","status":"publish","type":"post","link":"http:\/\/www.mvbreitenau.at\/v2\/?p=2746","title":{"rendered":"Herbstkonzert 2022 vs. Fu\u00dfball-WM 2022"},"content":{"rendered":"\n<p><strong>Eine kleine Nachlese zum Herbstkonzert 2022.<\/strong><\/p>\n\n\n\n<p><em>Wer kann sich noch an das Ergebnis des Er\u00f6ffnungsspiels der Fu\u00dfball-WM am darauffolgenden Sonntag erinnern?<\/em><\/p>\n\n\n\n<p>Ich denke, dass die Erinnerung an das Herbstkonzert vom 19.11.2022 noch frischer und vor allem lebhafter im Ged\u00e4chtnis verblieben ist und vor allem noch nachhallt.<br><br>Wahrscheinlich das beste Konzert, mit den besten Jung- und Alt-Musikern und dem wahrscheinlich besten Publikum. Zumindest letzteres wird der Wahrheit sehr nahe kommen. Nach einer Reihe von Absagen von Konzerten konnten wir endlich wieder im Steinfeldzentrum ein Herbstkonzert vor echtem Publikum und ohne Restriktionen zum Besten geben. &#8222;Applaus ist der eigentliche Lohn eines jeden Musikers&#8220;, hei\u00dft es. Und diese Belohnung durfte sich diesmal nicht nur der MVB selbst, sondern auch das Junior-Brass-Ensemble der Franz Schubert Regionalmusikschule sprichw\u00f6rtlich abholen.<br><\/p>\n\n\n\n<figure class=\"wp-block-image size-full\"><img fetchpriority=\"high\" decoding=\"async\" width=\"987\" height=\"464\" src=\"https:\/\/www.mvbreitenau.at\/v2\/wp-content\/uploads\/2022\/12\/image.png\" alt=\"\" class=\"wp-image-2764\" srcset=\"http:\/\/www.mvbreitenau.at\/v2\/wp-content\/uploads\/2022\/12\/image.png 987w, http:\/\/www.mvbreitenau.at\/v2\/wp-content\/uploads\/2022\/12\/image-300x141.png 300w, http:\/\/www.mvbreitenau.at\/v2\/wp-content\/uploads\/2022\/12\/image-768x361.png 768w\" sizes=\"(max-width: 987px) 100vw, 987px\" \/><\/figure>\n\n\n\n<p>Es war ein recht vielseitiges Programm, wobei die jungen Musiker unter der musikalischen Leitung von Martin Ferstl den Er\u00f6ffnungsteil \u00fcbernommen haben. Mit mehr als 30 Jungmusikern und junggebliebenen Musikern wurden doch recht anspruchsvolle St\u00fccke, wie z.B. &#8222;Phantom der Oper&#8220; oder &#8222;Smoke on the Water&#8220; dargeboten. &#8222;My heart will go on&#8220; war f\u00fcr dagegen f\u00fcr Fans von DiCaprio und Winslet ein Ohrenschmaus mit G\u00e4nsehaut-Effekt.<\/p>\n\n\n\n<p>Zwei junge Musikerinnen hatten an diesem Tag das wohl l\u00e4ngste Programm. Nadine und Sophie haben das Konzert mit der Jugend im Querfl\u00f6ten-Register begonnen, sind anschlie\u00dfend gleich &#8222;sitzengeblieben&#8220; und haben das Konzert mit dem MVB bis zum Abschlussst\u00fcck weitergespielt. Es war ihre Premiere im MVB und wir hoffen, sie im kommenden Jahr als neue Mitglieder im MVB zu begr\u00fc\u00dfen zu d\u00fcrfen.<\/p>\n\n\n\n<p>Mein pers\u00f6nliches Lieblingsst\u00fcck im ersten Teil war &#8222;1492 &#8211; Conquest of Paradise&#8220;, damals hatte Columbus wohl mit anderen Schwierigkeiten und Krankheiten zu k\u00e4mpfen als wir ~530 Jahre sp\u00e4ter. Ein Medley von Peter Alexander erinnerte zumindest die \u00e4ltere Generation an die scheinbar unbeschwerten Jahrzehnte der Nachkriegszeit, wo durch seine Musik einige Probleme &#8222;in kleinen Kneipen&#8220; tempor\u00e4r verschwanden.<\/p>\n\n\n\n<p>Durch das Programm f\u00fchrte in gewohnter Weise Thomas Maldet. An die pandemiebedingte Konzertpause der letzten Jahre erinnerte kaum etwas, obgleich er doch gelegentlich auf die letzten Jahre Bezug nehmen musste. Ob er seine pers\u00f6nliche Challenge &#8222;Pro gesagtem Corona-Wort, ein Medizin-Achterl&#8220; umgesetzt hat, k\u00f6nnen wohl nur die Nachtschw\u00e4rmer berichten, von denen es bis in die fr\u00fchen Sonntagsstunden doch einige gegeben haben sollte.<\/p>\n\n\n\n<figure class=\"wp-block-image size-large\"><img decoding=\"async\" width=\"1024\" height=\"420\" src=\"https:\/\/www.mvbreitenau.at\/v2\/wp-content\/uploads\/2022\/12\/image-1-1024x420.png\" alt=\"\" class=\"wp-image-2765\" srcset=\"http:\/\/www.mvbreitenau.at\/v2\/wp-content\/uploads\/2022\/12\/image-1-1024x420.png 1024w, http:\/\/www.mvbreitenau.at\/v2\/wp-content\/uploads\/2022\/12\/image-1-300x123.png 300w, http:\/\/www.mvbreitenau.at\/v2\/wp-content\/uploads\/2022\/12\/image-1-768x315.png 768w, http:\/\/www.mvbreitenau.at\/v2\/wp-content\/uploads\/2022\/12\/image-1.png 1351w\" sizes=\"(max-width: 1024px) 100vw, 1024px\" \/><\/figure>\n\n\n\n<p><\/p>\n\n\n\n<p>Einen Stau gibt es nicht nur t\u00e4glich auf der S\u00fcdosttangente, auch im Musikverein haben sich einige Ehrungen und Auszeichnungen angestaut. Um die Leistungen der Kollegen geb\u00fchrend in Szene zu setzen, muss auch der Rahmen passen. Daf\u00fcr bot sich eher das Herbstkonzert als ein Nebenraum im Probenlokal an. Es waren querfeldein beinahe fast alle Abzeichenkategorien zu verteilen.<\/p>\n\n\n\n<figure class=\"wp-block-image size-large\"><img decoding=\"async\" width=\"1024\" height=\"581\" src=\"https:\/\/www.mvbreitenau.at\/v2\/wp-content\/uploads\/2022\/12\/image-3-1024x581.png\" alt=\"\" class=\"wp-image-2767\" srcset=\"http:\/\/www.mvbreitenau.at\/v2\/wp-content\/uploads\/2022\/12\/image-3-1024x581.png 1024w, http:\/\/www.mvbreitenau.at\/v2\/wp-content\/uploads\/2022\/12\/image-3-300x170.png 300w, http:\/\/www.mvbreitenau.at\/v2\/wp-content\/uploads\/2022\/12\/image-3-768x436.png 768w, http:\/\/www.mvbreitenau.at\/v2\/wp-content\/uploads\/2022\/12\/image-3-1536x872.png 1536w, http:\/\/www.mvbreitenau.at\/v2\/wp-content\/uploads\/2022\/12\/image-3.png 1989w\" sizes=\"(max-width: 1024px) 100vw, 1024px\" \/><\/figure>\n\n\n\n<p>Den Ausgezeichneten durften wir auch mit der darauffolgenden &#8222;Gl\u00fcckwunsch-Polka&#8220; gratulieren und hoffen auf weitere &#8222;ausgezeichnete&#8220; Jahre mit und rund um den Verein. &#8222;Star Wars&#8220; war wohl das Highlight im zweiten Teil des Konzerts, dem mussten und wollten wir mit &#8222;We are the World&#8220; ein thematisches Gegen\u00fcber darstellen, denn dies ist aktueller und wichtiger denn je.<\/p>\n\n\n\n<figure class=\"wp-block-image size-large\"><img loading=\"lazy\" decoding=\"async\" width=\"1024\" height=\"461\" src=\"https:\/\/www.mvbreitenau.at\/v2\/wp-content\/uploads\/2022\/12\/image-4-1024x461.png\" alt=\"\" class=\"wp-image-2768\" srcset=\"http:\/\/www.mvbreitenau.at\/v2\/wp-content\/uploads\/2022\/12\/image-4-1024x461.png 1024w, http:\/\/www.mvbreitenau.at\/v2\/wp-content\/uploads\/2022\/12\/image-4-300x135.png 300w, http:\/\/www.mvbreitenau.at\/v2\/wp-content\/uploads\/2022\/12\/image-4-768x346.png 768w, http:\/\/www.mvbreitenau.at\/v2\/wp-content\/uploads\/2022\/12\/image-4-1536x692.png 1536w, http:\/\/www.mvbreitenau.at\/v2\/wp-content\/uploads\/2022\/12\/image-4.png 1599w\" sizes=\"(max-width: 1024px) 100vw, 1024px\" \/><\/figure>\n\n\n\n<p>Der bisherigen Tradition folgend war der Breitenauer B\u00fcrgermarsch im Zugabeblock das Abschlussst\u00fcck des Herbstkonzertes und &#8222;l\u00e4utete&#8220; quasi den \u00dcbergang in die musikalisch besinnliche Adventszeit ein.<\/p>\n\n\n\n<p><em>Die Antwort zur Eingangsfrage liefere ich noch nach: Katar gegen Ecuador endete 0:2.<\/em><\/p>\n\n\n\n<hr class=\"wp-block-separator has-alpha-channel-opacity\"\/>\n\n\n\n<p>(HaMa \/ LuMa)<\/p>\n","protected":false},"excerpt":{"rendered":"<p>Eine kleine Nachlese zum Herbstkonzert 2022. Wer kann sich noch an das Ergebnis des Er\u00f6ffnungsspiels der Fu\u00dfball-WM am darauffolgenden Sonntag erinnern? Ich denke, dass die Erinnerung an das Herbstkonzert vom 19.11.2022 noch frischer und vor allem lebhafter im Ged\u00e4chtnis verblieben ist und vor allem noch nachhallt. Wahrscheinlich das beste Konzert, mit den besten Jung- und [&hellip;]<\/p>\n","protected":false},"author":3,"featured_media":2768,"comment_status":"closed","ping_status":"closed","sticky":false,"template":"","format":"standard","meta":{"ocean_post_layout":"","ocean_both_sidebars_style":"","ocean_both_sidebars_content_width":0,"ocean_both_sidebars_sidebars_width":0,"ocean_sidebar":"0","ocean_second_sidebar":"0","ocean_disable_margins":"enable","ocean_add_body_class":"","ocean_shortcode_before_top_bar":"","ocean_shortcode_after_top_bar":"","ocean_shortcode_before_header":"","ocean_shortcode_after_header":"","ocean_has_shortcode":"","ocean_shortcode_after_title":"","ocean_shortcode_before_footer_widgets":"","ocean_shortcode_after_footer_widgets":"","ocean_shortcode_before_footer_bottom":"","ocean_shortcode_after_footer_bottom":"","ocean_display_top_bar":"default","ocean_display_header":"default","ocean_header_style":"","ocean_center_header_left_menu":"0","ocean_custom_header_template":"0","ocean_custom_logo":0,"ocean_custom_retina_logo":0,"ocean_custom_logo_max_width":0,"ocean_custom_logo_tablet_max_width":0,"ocean_custom_logo_mobile_max_width":0,"ocean_custom_logo_max_height":0,"ocean_custom_logo_tablet_max_height":0,"ocean_custom_logo_mobile_max_height":0,"ocean_header_custom_menu":"0","ocean_menu_typo_font_family":"0","ocean_menu_typo_font_subset":"","ocean_menu_typo_font_size":0,"ocean_menu_typo_font_size_tablet":0,"ocean_menu_typo_font_size_mobile":0,"ocean_menu_typo_font_size_unit":"px","ocean_menu_typo_font_weight":"","ocean_menu_typo_font_weight_tablet":"","ocean_menu_typo_font_weight_mobile":"","ocean_menu_typo_transform":"","ocean_menu_typo_transform_tablet":"","ocean_menu_typo_transform_mobile":"","ocean_menu_typo_line_height":0,"ocean_menu_typo_line_height_tablet":0,"ocean_menu_typo_line_height_mobile":0,"ocean_menu_typo_line_height_unit":"","ocean_menu_typo_spacing":0,"ocean_menu_typo_spacing_tablet":0,"ocean_menu_typo_spacing_mobile":0,"ocean_menu_typo_spacing_unit":"","ocean_menu_link_color":"","ocean_menu_link_color_hover":"","ocean_menu_link_color_active":"","ocean_menu_link_background":"","ocean_menu_link_hover_background":"","ocean_menu_link_active_background":"","ocean_menu_social_links_bg":"","ocean_menu_social_hover_links_bg":"","ocean_menu_social_links_color":"","ocean_menu_social_hover_links_color":"","ocean_disable_title":"default","ocean_disable_heading":"default","ocean_post_title":"","ocean_post_subheading":"","ocean_post_title_style":"","ocean_post_title_background_color":"","ocean_post_title_background":0,"ocean_post_title_bg_image_position":"","ocean_post_title_bg_image_attachment":"","ocean_post_title_bg_image_repeat":"","ocean_post_title_bg_image_size":"","ocean_post_title_height":0,"ocean_post_title_bg_overlay":0.5,"ocean_post_title_bg_overlay_color":"","ocean_disable_breadcrumbs":"default","ocean_breadcrumbs_color":"","ocean_breadcrumbs_separator_color":"","ocean_breadcrumbs_links_color":"","ocean_breadcrumbs_links_hover_color":"","ocean_display_footer_widgets":"default","ocean_display_footer_bottom":"default","ocean_custom_footer_template":"0","ocean_post_oembed":"","ocean_post_self_hosted_media":"","ocean_post_video_embed":"","ocean_link_format":"","ocean_link_format_target":"self","ocean_quote_format":"","ocean_quote_format_link":"post","ocean_gallery_link_images":"off","ocean_gallery_id":[],"footnotes":""},"categories":[47,36,35],"tags":[],"class_list":["post-2746","post","type-post","status-publish","format-standard","has-post-thumbnail","hentry","category-47","category-bericht","category-vereinsleben","entry","has-media"],"_links":{"self":[{"href":"http:\/\/www.mvbreitenau.at\/v2\/index.php?rest_route=\/wp\/v2\/posts\/2746","targetHints":{"allow":["GET"]}}],"collection":[{"href":"http:\/\/www.mvbreitenau.at\/v2\/index.php?rest_route=\/wp\/v2\/posts"}],"about":[{"href":"http:\/\/www.mvbreitenau.at\/v2\/index.php?rest_route=\/wp\/v2\/types\/post"}],"author":[{"embeddable":true,"href":"http:\/\/www.mvbreitenau.at\/v2\/index.php?rest_route=\/wp\/v2\/users\/3"}],"replies":[{"embeddable":true,"href":"http:\/\/www.mvbreitenau.at\/v2\/index.php?rest_route=%2Fwp%2Fv2%2Fcomments&post=2746"}],"version-history":[{"count":6,"href":"http:\/\/www.mvbreitenau.at\/v2\/index.php?rest_route=\/wp\/v2\/posts\/2746\/revisions"}],"predecessor-version":[{"id":2769,"href":"http:\/\/www.mvbreitenau.at\/v2\/index.php?rest_route=\/wp\/v2\/posts\/2746\/revisions\/2769"}],"wp:featuredmedia":[{"embeddable":true,"href":"http:\/\/www.mvbreitenau.at\/v2\/index.php?rest_route=\/wp\/v2\/media\/2768"}],"wp:attachment":[{"href":"http:\/\/www.mvbreitenau.at\/v2\/index.php?rest_route=%2Fwp%2Fv2%2Fmedia&parent=2746"}],"wp:term":[{"taxonomy":"category","embeddable":true,"href":"http:\/\/www.mvbreitenau.at\/v2\/index.php?rest_route=%2Fwp%2Fv2%2Fcategories&post=2746"},{"taxonomy":"post_tag","embeddable":true,"href":"http:\/\/www.mvbreitenau.at\/v2\/index.php?rest_route=%2Fwp%2Fv2%2Ftags&post=2746"}],"curies":[{"name":"wp","href":"https:\/\/api.w.org\/{rel}","templated":true}]}}