{"id":3378,"date":"2023-12-17T14:00:58","date_gmt":"2023-12-17T13:00:58","guid":{"rendered":"https:\/\/www.mvbreitenau.at\/v2\/?p=3378"},"modified":"2024-02-11T17:57:26","modified_gmt":"2024-02-11T16:57:26","slug":"weihnachtliche-klaenge-in-breitenau","status":"publish","type":"post","link":"http:\/\/www.mvbreitenau.at\/v2\/?p=3378","title":{"rendered":"Weihnachtliche Kl\u00e4nge in Breitenau"},"content":{"rendered":"\n<p><strong>R\u00fcckblick Weihnachts-Blechbl\u00e4sergruppen in Breitenau<\/strong><\/p>\n\n\n\n<p>Die vorweihnachtlichen Temperaturen im Dezember 2023 bis in den Februar 2024 hinein waren gr\u00f6\u00dftenteils wenig winterlich, daher hatte der Weihnachtsbaum wohl bei vielen nur eine kurze Anwesenheit im Hause. Je nach geistiger \/ geistlicher \/ werbe-empfindlicher Gesinnung wurde eben dieser auf schwedische Art entsorgt oder eher traditionell zu Maria Lichtmess (02.02 &#8211; 40 Tage nach Weihnachten &#8211; fr\u00fcher als Abschluss des weihnachtlichen Festkreises gesehen) abgeschm\u00fcckt \/ <a><\/a>abgeschminkt \/ zerschnitten \/ verpackt oder einfach der Luft entledigt.<\/p>\n\n\n\n<p>Und nun der elegante thematische Sprung -&gt; Vor rund 50 Tagen fand der musikalische Rundgang der Breitenauer Bl\u00e4sergruppen durch das Gemeindegebiet von Breitenau statt.<\/p>\n\n\n\n<p>Einmal von oben nach unten und einmal von unten nach oben oder etwas pr\u00e4ziser formuliert Oberort, Mittelort und Unterort. Gestartet wurde um 14:30, bei &#8222;leider&#8220; fast fr\u00fchlingshaften Temperaturen, was eigentlich gegen die am Mann \/ an der Frau heftende Polarexpeditionsunterw\u00e4sche gesprochen h\u00e4tte. Schlussendlich haben wir uns wieder in der Linsern gegen 20:00 wieder getroffen.<\/p>\n\n\n\n<p>Wie jedes Jahr, ganz unabh\u00e4ngig von Wind und Wetter fanden auch einige Zuh\u00f6rer den Weg nach drau\u00dfen und lauschten unseren weihnachtlichen Kl\u00e4ngen oder haben bei den Treffpunkten f\u00fcr St\u00e4rkungen aller Art gesorgt. Herzlichen Dank daf\u00fcr.<\/p>\n\n\n\n<p>Ein kleines Novum oder eher eine kleine Wiederbelebung war das Turmblasen bei der Firma Paul und Co. Kaum ein heute noch aktiver Musiker war &#8222;damals&#8220; dabei, aber die Erz\u00e4hlungen und die Fotos von damals \u00fcberstanden einige Jahrzehnte und n\u00e4hrten die Hoffnung dies wieder einmal veranstalten zu d\u00fcrfen. Im 100. Bestandsjahr war es der Fall! <br><br><\/p>\n\n\n\n<figure class=\"wp-block-image size-large\"><img fetchpriority=\"high\" decoding=\"async\" width=\"1024\" height=\"507\" src=\"https:\/\/www.mvbreitenau.at\/v2\/wp-content\/uploads\/2024\/02\/image-8-1024x507.png\" alt=\"\" class=\"wp-image-3381\" srcset=\"http:\/\/www.mvbreitenau.at\/v2\/wp-content\/uploads\/2024\/02\/image-8-1024x507.png 1024w, http:\/\/www.mvbreitenau.at\/v2\/wp-content\/uploads\/2024\/02\/image-8-300x148.png 300w, http:\/\/www.mvbreitenau.at\/v2\/wp-content\/uploads\/2024\/02\/image-8-768x380.png 768w, http:\/\/www.mvbreitenau.at\/v2\/wp-content\/uploads\/2024\/02\/image-8.png 1455w\" sizes=\"(max-width: 1024px) 100vw, 1024px\" \/><\/figure>\n\n\n\n<figure class=\"wp-block-image size-large\"><img decoding=\"async\" width=\"1024\" height=\"613\" src=\"https:\/\/www.mvbreitenau.at\/v2\/wp-content\/uploads\/2024\/02\/image-7-1024x613.png\" alt=\"\" class=\"wp-image-3380\" srcset=\"http:\/\/www.mvbreitenau.at\/v2\/wp-content\/uploads\/2024\/02\/image-7-1024x613.png 1024w, http:\/\/www.mvbreitenau.at\/v2\/wp-content\/uploads\/2024\/02\/image-7-300x180.png 300w, http:\/\/www.mvbreitenau.at\/v2\/wp-content\/uploads\/2024\/02\/image-7-768x460.png 768w, http:\/\/www.mvbreitenau.at\/v2\/wp-content\/uploads\/2024\/02\/image-7-1536x920.png 1536w, http:\/\/www.mvbreitenau.at\/v2\/wp-content\/uploads\/2024\/02\/image-7.png 2048w\" sizes=\"(max-width: 1024px) 100vw, 1024px\" \/><\/figure>\n\n\n\n<figure class=\"wp-block-image size-large\"><img decoding=\"async\" width=\"1024\" height=\"537\" src=\"https:\/\/www.mvbreitenau.at\/v2\/wp-content\/uploads\/2024\/02\/image-9-1024x537.png\" alt=\"\" class=\"wp-image-3382\" srcset=\"http:\/\/www.mvbreitenau.at\/v2\/wp-content\/uploads\/2024\/02\/image-9-1024x537.png 1024w, http:\/\/www.mvbreitenau.at\/v2\/wp-content\/uploads\/2024\/02\/image-9-300x157.png 300w, http:\/\/www.mvbreitenau.at\/v2\/wp-content\/uploads\/2024\/02\/image-9-768x402.png 768w, http:\/\/www.mvbreitenau.at\/v2\/wp-content\/uploads\/2024\/02\/image-9-1536x805.png 1536w, http:\/\/www.mvbreitenau.at\/v2\/wp-content\/uploads\/2024\/02\/image-9.png 2048w\" sizes=\"(max-width: 1024px) 100vw, 1024px\" \/><\/figure>\n\n\n<div class=\"wp-block-image\">\n<figure class=\"aligncenter size-full is-resized\"><img loading=\"lazy\" decoding=\"async\" width=\"576\" height=\"576\" src=\"https:\/\/www.mvbreitenau.at\/v2\/wp-content\/uploads\/2024\/02\/image-10.png\" alt=\"\" class=\"wp-image-3383\" style=\"width:534px;height:auto\" srcset=\"http:\/\/www.mvbreitenau.at\/v2\/wp-content\/uploads\/2024\/02\/image-10.png 576w, http:\/\/www.mvbreitenau.at\/v2\/wp-content\/uploads\/2024\/02\/image-10-300x300.png 300w, http:\/\/www.mvbreitenau.at\/v2\/wp-content\/uploads\/2024\/02\/image-10-150x150.png 150w\" sizes=\"(max-width: 576px) 100vw, 576px\" \/><\/figure>\n<\/div>\n\n\n<figure class=\"wp-block-image size-large\"><img loading=\"lazy\" decoding=\"async\" width=\"1024\" height=\"648\" src=\"https:\/\/www.mvbreitenau.at\/v2\/wp-content\/uploads\/2024\/02\/image-11-1024x648.png\" alt=\"\" class=\"wp-image-3386\" srcset=\"http:\/\/www.mvbreitenau.at\/v2\/wp-content\/uploads\/2024\/02\/image-11-1024x648.png 1024w, http:\/\/www.mvbreitenau.at\/v2\/wp-content\/uploads\/2024\/02\/image-11-300x190.png 300w, http:\/\/www.mvbreitenau.at\/v2\/wp-content\/uploads\/2024\/02\/image-11-768x486.png 768w, http:\/\/www.mvbreitenau.at\/v2\/wp-content\/uploads\/2024\/02\/image-11.png 1222w\" sizes=\"(max-width: 1024px) 100vw, 1024px\" \/><\/figure>\n\n\n\n<p><br>Es ist nicht mehr allt\u00e4glich, sonntags ein Firmengel\u00e4nde gemeinsam mit Werksverantwortlichen betreten und besuchen zu d\u00fcrfen, daher auch im Nachhinein ein gro\u00dfer Dank f\u00fcr diese einmalige Gelegenheit. F\u00fcr die teilnehmenden Kollegen war es jedenfalls ein sch\u00f6ner Blick und Gelegenheit! Ob es in der Tat &#8222;einmalig&#8220; oder der Wiederbeginn ist, werden wir (und auch sie) im Dezember 2024 genauer wissen.<\/p>\n\n\n\n<p>Bis dahin sind es aber rund 300 Tage.<\/p>\n\n\n\n<p>&#8212;<\/p>\n\n\n\n<p>Hama (abermals etwas versp\u00e4tet, aber mit einem Bildungsauftrag rund um Maria Lichtmess)<br><br>Fotos: ZVg MVB bzw. Paul &amp; Co Austira GmbH <\/p>\n","protected":false},"excerpt":{"rendered":"<p>R\u00fcckblick Weihnachts-Blechbl\u00e4sergruppen in Breitenau Die vorweihnachtlichen Temperaturen im Dezember 2023 bis in den Februar 2024 hinein waren gr\u00f6\u00dftenteils wenig winterlich, daher hatte der Weihnachtsbaum wohl bei vielen nur eine kurze Anwesenheit im Hause. Je nach geistiger \/ geistlicher \/ werbe-empfindlicher Gesinnung wurde eben dieser auf schwedische Art entsorgt oder eher traditionell zu Maria Lichtmess (02.02 [&hellip;]<\/p>\n","protected":false},"author":3,"featured_media":3386,"comment_status":"closed","ping_status":"closed","sticky":false,"template":"","format":"standard","meta":{"ocean_post_layout":"","ocean_both_sidebars_style":"","ocean_both_sidebars_content_width":0,"ocean_both_sidebars_sidebars_width":0,"ocean_sidebar":"0","ocean_second_sidebar":"0","ocean_disable_margins":"enable","ocean_add_body_class":"","ocean_shortcode_before_top_bar":"","ocean_shortcode_after_top_bar":"","ocean_shortcode_before_header":"","ocean_shortcode_after_header":"","ocean_has_shortcode":"","ocean_shortcode_after_title":"","ocean_shortcode_before_footer_widgets":"","ocean_shortcode_after_footer_widgets":"","ocean_shortcode_before_footer_bottom":"","ocean_shortcode_after_footer_bottom":"","ocean_display_top_bar":"default","ocean_display_header":"default","ocean_header_style":"","ocean_center_header_left_menu":"0","ocean_custom_header_template":"0","ocean_custom_logo":0,"ocean_custom_retina_logo":0,"ocean_custom_logo_max_width":0,"ocean_custom_logo_tablet_max_width":0,"ocean_custom_logo_mobile_max_width":0,"ocean_custom_logo_max_height":0,"ocean_custom_logo_tablet_max_height":0,"ocean_custom_logo_mobile_max_height":0,"ocean_header_custom_menu":"0","ocean_menu_typo_font_family":"0","ocean_menu_typo_font_subset":"","ocean_menu_typo_font_size":0,"ocean_menu_typo_font_size_tablet":0,"ocean_menu_typo_font_size_mobile":0,"ocean_menu_typo_font_size_unit":"px","ocean_menu_typo_font_weight":"","ocean_menu_typo_font_weight_tablet":"","ocean_menu_typo_font_weight_mobile":"","ocean_menu_typo_transform":"","ocean_menu_typo_transform_tablet":"","ocean_menu_typo_transform_mobile":"","ocean_menu_typo_line_height":0,"ocean_menu_typo_line_height_tablet":0,"ocean_menu_typo_line_height_mobile":0,"ocean_menu_typo_line_height_unit":"","ocean_menu_typo_spacing":0,"ocean_menu_typo_spacing_tablet":0,"ocean_menu_typo_spacing_mobile":0,"ocean_menu_typo_spacing_unit":"","ocean_menu_link_color":"","ocean_menu_link_color_hover":"","ocean_menu_link_color_active":"","ocean_menu_link_background":"","ocean_menu_link_hover_background":"","ocean_menu_link_active_background":"","ocean_menu_social_links_bg":"","ocean_menu_social_hover_links_bg":"","ocean_menu_social_links_color":"","ocean_menu_social_hover_links_color":"","ocean_disable_title":"default","ocean_disable_heading":"default","ocean_post_title":"","ocean_post_subheading":"","ocean_post_title_style":"","ocean_post_title_background_color":"","ocean_post_title_background":0,"ocean_post_title_bg_image_position":"","ocean_post_title_bg_image_attachment":"","ocean_post_title_bg_image_repeat":"","ocean_post_title_bg_image_size":"","ocean_post_title_height":0,"ocean_post_title_bg_overlay":0.5,"ocean_post_title_bg_overlay_color":"","ocean_disable_breadcrumbs":"default","ocean_breadcrumbs_color":"","ocean_breadcrumbs_separator_color":"","ocean_breadcrumbs_links_color":"","ocean_breadcrumbs_links_hover_color":"","ocean_display_footer_widgets":"default","ocean_display_footer_bottom":"default","ocean_custom_footer_template":"0","ocean_post_oembed":"","ocean_post_self_hosted_media":"","ocean_post_video_embed":"","ocean_link_format":"","ocean_link_format_target":"self","ocean_quote_format":"","ocean_quote_format_link":"post","ocean_gallery_link_images":"off","ocean_gallery_id":[],"footnotes":""},"categories":[59,36,35],"tags":[],"class_list":["post-3378","post","type-post","status-publish","format-standard","has-post-thumbnail","hentry","category-59","category-bericht","category-vereinsleben","entry","has-media"],"_links":{"self":[{"href":"http:\/\/www.mvbreitenau.at\/v2\/index.php?rest_route=\/wp\/v2\/posts\/3378","targetHints":{"allow":["GET"]}}],"collection":[{"href":"http:\/\/www.mvbreitenau.at\/v2\/index.php?rest_route=\/wp\/v2\/posts"}],"about":[{"href":"http:\/\/www.mvbreitenau.at\/v2\/index.php?rest_route=\/wp\/v2\/types\/post"}],"author":[{"embeddable":true,"href":"http:\/\/www.mvbreitenau.at\/v2\/index.php?rest_route=\/wp\/v2\/users\/3"}],"replies":[{"embeddable":true,"href":"http:\/\/www.mvbreitenau.at\/v2\/index.php?rest_route=%2Fwp%2Fv2%2Fcomments&post=3378"}],"version-history":[{"count":3,"href":"http:\/\/www.mvbreitenau.at\/v2\/index.php?rest_route=\/wp\/v2\/posts\/3378\/revisions"}],"predecessor-version":[{"id":3388,"href":"http:\/\/www.mvbreitenau.at\/v2\/index.php?rest_route=\/wp\/v2\/posts\/3378\/revisions\/3388"}],"wp:featuredmedia":[{"embeddable":true,"href":"http:\/\/www.mvbreitenau.at\/v2\/index.php?rest_route=\/wp\/v2\/media\/3386"}],"wp:attachment":[{"href":"http:\/\/www.mvbreitenau.at\/v2\/index.php?rest_route=%2Fwp%2Fv2%2Fmedia&parent=3378"}],"wp:term":[{"taxonomy":"category","embeddable":true,"href":"http:\/\/www.mvbreitenau.at\/v2\/index.php?rest_route=%2Fwp%2Fv2%2Fcategories&post=3378"},{"taxonomy":"post_tag","embeddable":true,"href":"http:\/\/www.mvbreitenau.at\/v2\/index.php?rest_route=%2Fwp%2Fv2%2Ftags&post=3378"}],"curies":[{"name":"wp","href":"https:\/\/api.w.org\/{rel}","templated":true}]}}