{"id":3392,"date":"2024-02-01T10:35:16","date_gmt":"2024-02-01T09:35:16","guid":{"rendered":"https:\/\/www.mvbreitenau.at\/v2\/?p=3392"},"modified":"2024-03-10T10:39:51","modified_gmt":"2024-03-10T09:39:51","slug":"start-in-die-probensaison-2024","status":"publish","type":"post","link":"http:\/\/www.mvbreitenau.at\/v2\/?p=3392","title":{"rendered":"Start in die Probensaison 2024"},"content":{"rendered":"\n<p>Die Probensaison startete vor einigen Wochen. Ein paar wenige Kollegen ben\u00f6tigen noch einen pers\u00f6nlichen Zapfenstreich, aber auch die allgemeine Erk\u00e4ltungs- und Krankheitsphase klingt ab. Mit <strong>fr\u00fchlingshaftem Elan<\/strong> f\u00fcllen sich nun von Probentermin zu Probentermin die Reihen im Musikerheim etwas mehr. Sehr gut!<\/p>\n\n\n\n<p><strong>Im Fokus stehen derzeit Fr\u00fchschoppen-, Platz- und Kurkonzerttermine.<\/strong> Die &#8222;gr\u00fcne&#8220; Mappe ist \u00fcber die Wintermonate wie durch &#8222;Zauberhand&#8220; mit einigen neuen St\u00fccken ausgestattet worden &#8230; Nun gilt es dies zu proben und auch gemeinsam zu musizieren, sodass der Titel des speziellen St\u00fcckes (siehe Foto) nicht zum Programm wird.<\/p>\n\n\n\n<p>F\u00fcr &#8222;Die gro\u00dfe Chance&#8220; sind wir etwas zu sp\u00e4t, aber f\u00fcr &#8222;Die kleine Chance&#8220; d\u00fcrfen wir nun MVB-intern unsere Sangesk\u00fcnste unter Beweis stellen bzw. etwas reifen lassen. Die &#8222;F\u00e4aschtb\u00e4nkler&#8220; haben es uns etwas angetan &#8211; daher gilt &#8222;Bodensee trifft Steinfeld&#8220; <img decoding=\"async\" height=\"16\" width=\"16\" src=\"https:\/\/static.xx.fbcdn.net\/images\/emoji.php\/v9\/t57\/1\/16\/1f609.png\" alt=\"\ud83d\ude09\"><br>Auch Kurt G\u00e4bles Heimat ist ein wenig weiter als ein Steinwurf von uns entfernt &#8211; Musikalisch versuchen wir aber die Entfernung mit dem Steinfeld zu \u00fcberbr\u00fccken.<\/p>\n\n\n\n<figure class=\"wp-block-image size-large\"><img fetchpriority=\"high\" decoding=\"async\" width=\"1024\" height=\"602\" src=\"https:\/\/www.mvbreitenau.at\/v2\/wp-content\/uploads\/2024\/03\/image-1024x602.png\" alt=\"\" class=\"wp-image-3394\" srcset=\"http:\/\/www.mvbreitenau.at\/v2\/wp-content\/uploads\/2024\/03\/image-1024x602.png 1024w, http:\/\/www.mvbreitenau.at\/v2\/wp-content\/uploads\/2024\/03\/image-300x176.png 300w, http:\/\/www.mvbreitenau.at\/v2\/wp-content\/uploads\/2024\/03\/image-768x452.png 768w, http:\/\/www.mvbreitenau.at\/v2\/wp-content\/uploads\/2024\/03\/image-1536x903.png 1536w, http:\/\/www.mvbreitenau.at\/v2\/wp-content\/uploads\/2024\/03\/image.png 1570w\" sizes=\"(max-width: 1024px) 100vw, 1024px\" \/><\/figure>\n\n\n\n<hr class=\"wp-block-separator has-alpha-channel-opacity\"\/>\n\n\n\n<figure class=\"wp-block-image size-large\"><img decoding=\"async\" width=\"1024\" height=\"661\" src=\"https:\/\/www.mvbreitenau.at\/v2\/wp-content\/uploads\/2024\/03\/image-1-1024x661.png\" alt=\"\" class=\"wp-image-3395\" srcset=\"http:\/\/www.mvbreitenau.at\/v2\/wp-content\/uploads\/2024\/03\/image-1-1024x661.png 1024w, http:\/\/www.mvbreitenau.at\/v2\/wp-content\/uploads\/2024\/03\/image-1-300x194.png 300w, http:\/\/www.mvbreitenau.at\/v2\/wp-content\/uploads\/2024\/03\/image-1-768x495.png 768w, http:\/\/www.mvbreitenau.at\/v2\/wp-content\/uploads\/2024\/03\/image-1-1536x991.png 1536w, http:\/\/www.mvbreitenau.at\/v2\/wp-content\/uploads\/2024\/03\/image-1.png 1815w\" sizes=\"(max-width: 1024px) 100vw, 1024px\" \/><\/figure>\n\n\n\n<p>hama4mvb<\/p>\n\n\n\n<p><\/p>\n\n\n\n<p><\/p>\n","protected":false},"excerpt":{"rendered":"<p>Die Probensaison startete vor einigen Wochen. Ein paar wenige Kollegen ben\u00f6tigen noch einen pers\u00f6nlichen Zapfenstreich, aber auch die allgemeine Erk\u00e4ltungs- und Krankheitsphase klingt ab. Mit fr\u00fchlingshaftem Elan f\u00fcllen sich nun von Probentermin zu Probentermin die Reihen im Musikerheim etwas mehr. Sehr gut! Im Fokus stehen derzeit Fr\u00fchschoppen-, Platz- und Kurkonzerttermine. Die &#8222;gr\u00fcne&#8220; Mappe ist \u00fcber [&hellip;]<\/p>\n","protected":false},"author":3,"featured_media":3394,"comment_status":"closed","ping_status":"closed","sticky":false,"template":"","format":"standard","meta":{"ocean_post_layout":"","ocean_both_sidebars_style":"","ocean_both_sidebars_content_width":0,"ocean_both_sidebars_sidebars_width":0,"ocean_sidebar":"0","ocean_second_sidebar":"0","ocean_disable_margins":"enable","ocean_add_body_class":"","ocean_shortcode_before_top_bar":"","ocean_shortcode_after_top_bar":"","ocean_shortcode_before_header":"","ocean_shortcode_after_header":"","ocean_has_shortcode":"","ocean_shortcode_after_title":"","ocean_shortcode_before_footer_widgets":"","ocean_shortcode_after_footer_widgets":"","ocean_shortcode_before_footer_bottom":"","ocean_shortcode_after_footer_bottom":"","ocean_display_top_bar":"default","ocean_display_header":"default","ocean_header_style":"","ocean_center_header_left_menu":"0","ocean_custom_header_template":"0","ocean_custom_logo":0,"ocean_custom_retina_logo":0,"ocean_custom_logo_max_width":0,"ocean_custom_logo_tablet_max_width":0,"ocean_custom_logo_mobile_max_width":0,"ocean_custom_logo_max_height":0,"ocean_custom_logo_tablet_max_height":0,"ocean_custom_logo_mobile_max_height":0,"ocean_header_custom_menu":"0","ocean_menu_typo_font_family":"0","ocean_menu_typo_font_subset":"","ocean_menu_typo_font_size":0,"ocean_menu_typo_font_size_tablet":0,"ocean_menu_typo_font_size_mobile":0,"ocean_menu_typo_font_size_unit":"px","ocean_menu_typo_font_weight":"","ocean_menu_typo_font_weight_tablet":"","ocean_menu_typo_font_weight_mobile":"","ocean_menu_typo_transform":"","ocean_menu_typo_transform_tablet":"","ocean_menu_typo_transform_mobile":"","ocean_menu_typo_line_height":0,"ocean_menu_typo_line_height_tablet":0,"ocean_menu_typo_line_height_mobile":0,"ocean_menu_typo_line_height_unit":"","ocean_menu_typo_spacing":0,"ocean_menu_typo_spacing_tablet":0,"ocean_menu_typo_spacing_mobile":0,"ocean_menu_typo_spacing_unit":"","ocean_menu_link_color":"","ocean_menu_link_color_hover":"","ocean_menu_link_color_active":"","ocean_menu_link_background":"","ocean_menu_link_hover_background":"","ocean_menu_link_active_background":"","ocean_menu_social_links_bg":"","ocean_menu_social_hover_links_bg":"","ocean_menu_social_links_color":"","ocean_menu_social_hover_links_color":"","ocean_disable_title":"default","ocean_disable_heading":"default","ocean_post_title":"","ocean_post_subheading":"","ocean_post_title_style":"","ocean_post_title_background_color":"","ocean_post_title_background":0,"ocean_post_title_bg_image_position":"","ocean_post_title_bg_image_attachment":"","ocean_post_title_bg_image_repeat":"","ocean_post_title_bg_image_size":"","ocean_post_title_height":0,"ocean_post_title_bg_overlay":0.5,"ocean_post_title_bg_overlay_color":"","ocean_disable_breadcrumbs":"default","ocean_breadcrumbs_color":"","ocean_breadcrumbs_separator_color":"","ocean_breadcrumbs_links_color":"","ocean_breadcrumbs_links_hover_color":"","ocean_display_footer_widgets":"default","ocean_display_footer_bottom":"default","ocean_custom_footer_template":"0","ocean_post_oembed":"","ocean_post_self_hosted_media":"","ocean_post_video_embed":"","ocean_link_format":"","ocean_link_format_target":"self","ocean_quote_format":"","ocean_quote_format_link":"post","ocean_gallery_link_images":"off","ocean_gallery_id":[],"footnotes":""},"categories":[67,36,35],"tags":[],"class_list":["post-3392","post","type-post","status-publish","format-standard","has-post-thumbnail","hentry","category-67","category-bericht","category-vereinsleben","entry","has-media"],"_links":{"self":[{"href":"http:\/\/www.mvbreitenau.at\/v2\/index.php?rest_route=\/wp\/v2\/posts\/3392","targetHints":{"allow":["GET"]}}],"collection":[{"href":"http:\/\/www.mvbreitenau.at\/v2\/index.php?rest_route=\/wp\/v2\/posts"}],"about":[{"href":"http:\/\/www.mvbreitenau.at\/v2\/index.php?rest_route=\/wp\/v2\/types\/post"}],"author":[{"embeddable":true,"href":"http:\/\/www.mvbreitenau.at\/v2\/index.php?rest_route=\/wp\/v2\/users\/3"}],"replies":[{"embeddable":true,"href":"http:\/\/www.mvbreitenau.at\/v2\/index.php?rest_route=%2Fwp%2Fv2%2Fcomments&post=3392"}],"version-history":[{"count":2,"href":"http:\/\/www.mvbreitenau.at\/v2\/index.php?rest_route=\/wp\/v2\/posts\/3392\/revisions"}],"predecessor-version":[{"id":3396,"href":"http:\/\/www.mvbreitenau.at\/v2\/index.php?rest_route=\/wp\/v2\/posts\/3392\/revisions\/3396"}],"wp:featuredmedia":[{"embeddable":true,"href":"http:\/\/www.mvbreitenau.at\/v2\/index.php?rest_route=\/wp\/v2\/media\/3394"}],"wp:attachment":[{"href":"http:\/\/www.mvbreitenau.at\/v2\/index.php?rest_route=%2Fwp%2Fv2%2Fmedia&parent=3392"}],"wp:term":[{"taxonomy":"category","embeddable":true,"href":"http:\/\/www.mvbreitenau.at\/v2\/index.php?rest_route=%2Fwp%2Fv2%2Fcategories&post=3392"},{"taxonomy":"post_tag","embeddable":true,"href":"http:\/\/www.mvbreitenau.at\/v2\/index.php?rest_route=%2Fwp%2Fv2%2Ftags&post=3392"}],"curies":[{"name":"wp","href":"https:\/\/api.w.org\/{rel}","templated":true}]}}