{"id":3398,"date":"2024-03-08T19:00:03","date_gmt":"2024-03-08T18:00:03","guid":{"rendered":"https:\/\/www.mvbreitenau.at\/v2\/?p=3398"},"modified":"2024-03-16T21:28:05","modified_gmt":"2024-03-16T20:28:05","slug":"mvb-generalversammlung-2024","status":"publish","type":"post","link":"http:\/\/www.mvbreitenau.at\/v2\/?p=3398","title":{"rendered":"MVB Generalversammlung 2024"},"content":{"rendered":"\n<p class=\"has-text-align-left\"> <\/p>\n\n\n\n<p>Generalversammlung MV Breitenau &#8211; 08.03.2024<\/p>\n\n\n\n<hr class=\"wp-block-separator has-alpha-channel-opacity\"\/>\n\n\n\n<p>Heuer fand die Generalversammlung in ge\u00e4nderter Sitzordnung statt. Normalerweise sind wir eher &#8222;U&#8220; gewohnt, diesmal wurden wir von einer &#8222;I&#8220;-Tischaufstellung \u00fcberrascht.<br>Auf der weniger \u00fcberraschenden Tagesordnung fanden sich Berichte von Obfrau, Kapellmeister, Kassiere, Kassakontrolle, Archivaren. Erfreulicherweise gab mit Punkt 4) &#8222;Neuaufnahmen&#8220; auch einen kleinen &#8222;Ausrei\u00dfer&#8220; vom normalen Programm. Mehr dazu sp\u00e4ter.<br>Neben zahlreichen aktiven Kollegen durften wir mit Otto Bauer und Franz Wei\u00dfenbacher auch zwei Ehrenmitglieder begr\u00fc\u00dfen. Seitens der Gemeinde Breitenau begr\u00fc\u00dften wir Bgmst. Robert Kwas und VzBgm. Elke Sch\u00f6n herzlich in unserer Mitte des Is.<\/p>\n\n\n<div class=\"wp-block-image\">\n<figure class=\"aligncenter size-large is-resized\"><img fetchpriority=\"high\" decoding=\"async\" width=\"703\" height=\"1024\" src=\"https:\/\/www.mvbreitenau.at\/v2\/wp-content\/uploads\/2024\/03\/image-5-703x1024.png\" alt=\"\" class=\"wp-image-3408\" style=\"width:328px;height:auto\" srcset=\"http:\/\/www.mvbreitenau.at\/v2\/wp-content\/uploads\/2024\/03\/image-5-703x1024.png 703w, http:\/\/www.mvbreitenau.at\/v2\/wp-content\/uploads\/2024\/03\/image-5-206x300.png 206w, http:\/\/www.mvbreitenau.at\/v2\/wp-content\/uploads\/2024\/03\/image-5-768x1118.png 768w, http:\/\/www.mvbreitenau.at\/v2\/wp-content\/uploads\/2024\/03\/image-5.png 1000w\" sizes=\"(max-width: 703px) 100vw, 703px\" \/><\/figure>\n<\/div>\n\n\n<p>Zu Beginn gedachten wir unseren verstorbenen Kollegen und Freunden des MVB, in diesem Jahr vor allem Franz Plank und Gerhard J\u00e4gersberger, welche im Vorjahr \u00fcberraschend vorausgegangen und in guter Erinnerung sind. Der Bericht von Obfrau Jennifer Berger basierte auf einem R\u00fcckblick ins Jahr 2023, dem Jubil\u00e4umsjahr des MVBs, aber auch auf einem Ausblick ins Jahr 2024, welches wir wieder verst\u00e4rkt &#8222;extern&#8220; bestreiten wollen. Kpmst Christoph Berger rief die bereits gestartete Probent\u00e4tigkeit in Erinnerung und hofft auf eine bessere Belegst\u00e4rke. Da die Marschb\u00fccher und Mappen sind in den Wintermonaten einem &#8222;Refresh und Update&#8220; unterzogen worden ist die Probenarbeit noch wichtiger, um eben die neuen Musikst\u00fccke in der kommenden Fr\u00fchschoppen- und Platzkonzertzeit musikalisch und gesanglich darbieten zu k\u00f6nnen.<br>Der wohl (zweit)wichtigste Part im MVB ist jener der Finanzen: Das Br\u00fcder-Duo Markus und Michael Maier f\u00fchrte durch die Ausgaben- und Einnahmen. Ob hier wirklich jeder den Vor- und Nachkommastellen folgen konnte, sei dahingestellt, aber die Kontrolle wei\u00dft die beste F\u00fchrung der Finanzen aus und unterm Strich ist die Zahl &#8222;schwarz&#8220;. Manch Gro\u00dfindustrieller oder manche Institution w\u00fcrde sich das auch w\u00fcnschen. Ausschlie\u00dflich mit Konzerten, Festen und Fr\u00fchschoppen-veranstaltungen ist dies heutzutage nat\u00fcrlich (leider) nicht mehr m\u00f6glich, zu hoch sich die allgemeinen Erhaltungskosten eine Musikvereins. <strong>Wichtige Standbeine sind hier vor allem die Musib\u00e4ren und die Unterst\u00fctzung der Gemeinde! Herzlichen Dank hierf\u00fcr!<\/strong><\/p>\n\n\n\n<p><\/p>\n\n\n\n<figure class=\"wp-block-image size-full\"><img decoding=\"async\" width=\"836\" height=\"540\" src=\"https:\/\/www.mvbreitenau.at\/v2\/wp-content\/uploads\/2024\/03\/image-3.png\" alt=\"\" class=\"wp-image-3401\" srcset=\"http:\/\/www.mvbreitenau.at\/v2\/wp-content\/uploads\/2024\/03\/image-3.png 836w, http:\/\/www.mvbreitenau.at\/v2\/wp-content\/uploads\/2024\/03\/image-3-300x194.png 300w, http:\/\/www.mvbreitenau.at\/v2\/wp-content\/uploads\/2024\/03\/image-3-768x496.png 768w\" sizes=\"(max-width: 836px) 100vw, 836px\" \/><\/figure>\n\n\n\n<p>Die noch immer junge und junggebliebene Jugendreferentin Margot Kwas-Plank f\u00fchrte \u00fcber die Jugendarbeit der Musikschule aus, vor allem liegt der Schwerpunkt auf Mini und Junior-Brass.<br>Ein Vorteil und Nachteil zugleich, da man die Belastung der Sch\u00fcler und Eltern nicht au\u00dfer Acht lassen kann. Es gilt daher die Politik der kleinen Schritte, um Jungmusiker zum MVB zu f\u00fchren.<br>Einigen Youngster fehlen nicht mehr viele Schritte.<\/p>\n\n\n<div class=\"wp-block-image\">\n<figure class=\"aligncenter size-full\"><img decoding=\"async\" width=\"732\" height=\"650\" src=\"https:\/\/www.mvbreitenau.at\/v2\/wp-content\/uploads\/2024\/03\/image-2.png\" alt=\"\" class=\"wp-image-3400\" srcset=\"http:\/\/www.mvbreitenau.at\/v2\/wp-content\/uploads\/2024\/03\/image-2.png 732w, http:\/\/www.mvbreitenau.at\/v2\/wp-content\/uploads\/2024\/03\/image-2-300x266.png 300w\" sizes=\"(max-width: 732px) 100vw, 732px\" \/><\/figure>\n<\/div>\n\n\n<p class=\"has-text-align-center\"><em>Obfrau Jennifer Berger, Cornelia Anslinger, Kathrin Eckner, Erwin Haidbauer, Kpmst Christoph Berger (vlnr)<\/em><\/p>\n\n\n\n<p>Da auch junge Kollegen &#8222;\u00e4ltere&#8220; Neo-Kollegen zum MVB f\u00fchren, zeigt der Punkt der Neuaufnahmen.<br><strong>Mit Cornelia und Kathrin d\u00fcrfen wir Verst\u00e4rkung in der ersten Reihe begr\u00fc\u00dfen. <\/strong>Als Marketenderinnen werden sie hoffentlich bald links und rechts von Kurt zu sehen sein (und die Blicke auf Kurt wohl abziehen). Kathrins Tochter Nadine ist vor gut einem Jahr zum MVB gesto\u00dfen, daher folgte nun der beinahe logische Schritt. Bei Cornelia ist wohl Tochter Tina (derzeit Mini\/Junior Brass) f\u00fcr den Zuzug von Cornelia selbst und auch Rolands wiedererweckten Interesse im Vorjahr quasi verantwortlich. <strong>Erwin komplettiert die Neuaufnahmen und wurde formal im Zuge der Generalversammlung aufgenommen.<\/strong> Auf seine wichtige &#8222;bass-ige&#8220; Unterst\u00fctzung durften wir schon 2023 bauen.<br>Vielen Dank f\u00fcr das Interesse bzw. f\u00fcr euren Einsatz und abschlie\u00dfend herzlichst willkommen.<\/p>\n\n\n\n<p>Die Sitzung selbst war nach rund 45 Min. zu Ende, was nat\u00fcrlich auch die Schriftf\u00fchrer erfreute.<\/p>\n\n\n\n<p>Freuen wir uns auf musikalisch herausforderndes Jahr 2024 \u2026 wir freuen uns jedenfalls sie da und dort zu treffen.<\/p>\n\n\n\n<hr class=\"wp-block-separator has-alpha-channel-opacity\"\/>\n\n\n\n<p>hama4mvb<\/p>\n\n\n\n<p><\/p>\n\n\n\n<p><\/p>\n\n\n","protected":false},"excerpt":{"rendered":"<p>Generalversammlung MV Breitenau &#8211; 08.03.2024 Heuer fand die Generalversammlung in ge\u00e4nderter Sitzordnung statt. Normalerweise sind wir eher &#8222;U&#8220; gewohnt, diesmal wurden wir von einer &#8222;I&#8220;-Tischaufstellung \u00fcberrascht.Auf der weniger \u00fcberraschenden Tagesordnung fanden sich Berichte von Obfrau, Kapellmeister, Kassiere, Kassakontrolle, Archivaren. Erfreulicherweise gab mit Punkt 4) &#8222;Neuaufnahmen&#8220; auch einen kleinen &#8222;Ausrei\u00dfer&#8220; vom normalen Programm. Mehr dazu sp\u00e4ter.Neben [&hellip;]<\/p>\n","protected":false},"author":3,"featured_media":3401,"comment_status":"closed","ping_status":"closed","sticky":false,"template":"","format":"standard","meta":{"ocean_post_layout":"","ocean_both_sidebars_style":"","ocean_both_sidebars_content_width":0,"ocean_both_sidebars_sidebars_width":0,"ocean_sidebar":"0","ocean_second_sidebar":"0","ocean_disable_margins":"enable","ocean_add_body_class":"","ocean_shortcode_before_top_bar":"","ocean_shortcode_after_top_bar":"","ocean_shortcode_before_header":"","ocean_shortcode_after_header":"","ocean_has_shortcode":"","ocean_shortcode_after_title":"","ocean_shortcode_before_footer_widgets":"","ocean_shortcode_after_footer_widgets":"","ocean_shortcode_before_footer_bottom":"","ocean_shortcode_after_footer_bottom":"","ocean_display_top_bar":"default","ocean_display_header":"default","ocean_header_style":"","ocean_center_header_left_menu":"0","ocean_custom_header_template":"0","ocean_custom_logo":0,"ocean_custom_retina_logo":0,"ocean_custom_logo_max_width":0,"ocean_custom_logo_tablet_max_width":0,"ocean_custom_logo_mobile_max_width":0,"ocean_custom_logo_max_height":0,"ocean_custom_logo_tablet_max_height":0,"ocean_custom_logo_mobile_max_height":0,"ocean_header_custom_menu":"0","ocean_menu_typo_font_family":"0","ocean_menu_typo_font_subset":"","ocean_menu_typo_font_size":0,"ocean_menu_typo_font_size_tablet":0,"ocean_menu_typo_font_size_mobile":0,"ocean_menu_typo_font_size_unit":"px","ocean_menu_typo_font_weight":"","ocean_menu_typo_font_weight_tablet":"","ocean_menu_typo_font_weight_mobile":"","ocean_menu_typo_transform":"","ocean_menu_typo_transform_tablet":"","ocean_menu_typo_transform_mobile":"","ocean_menu_typo_line_height":0,"ocean_menu_typo_line_height_tablet":0,"ocean_menu_typo_line_height_mobile":0,"ocean_menu_typo_line_height_unit":"","ocean_menu_typo_spacing":0,"ocean_menu_typo_spacing_tablet":0,"ocean_menu_typo_spacing_mobile":0,"ocean_menu_typo_spacing_unit":"","ocean_menu_link_color":"","ocean_menu_link_color_hover":"","ocean_menu_link_color_active":"","ocean_menu_link_background":"","ocean_menu_link_hover_background":"","ocean_menu_link_active_background":"","ocean_menu_social_links_bg":"","ocean_menu_social_hover_links_bg":"","ocean_menu_social_links_color":"","ocean_menu_social_hover_links_color":"","ocean_disable_title":"default","ocean_disable_heading":"default","ocean_post_title":"","ocean_post_subheading":"","ocean_post_title_style":"","ocean_post_title_background_color":"","ocean_post_title_background":0,"ocean_post_title_bg_image_position":"","ocean_post_title_bg_image_attachment":"","ocean_post_title_bg_image_repeat":"","ocean_post_title_bg_image_size":"","ocean_post_title_height":0,"ocean_post_title_bg_overlay":0.5,"ocean_post_title_bg_overlay_color":"","ocean_disable_breadcrumbs":"default","ocean_breadcrumbs_color":"","ocean_breadcrumbs_separator_color":"","ocean_breadcrumbs_links_color":"","ocean_breadcrumbs_links_hover_color":"","ocean_display_footer_widgets":"default","ocean_display_footer_bottom":"default","ocean_custom_footer_template":"0","ocean_post_oembed":"","ocean_post_self_hosted_media":"","ocean_post_video_embed":"","ocean_link_format":"","ocean_link_format_target":"self","ocean_quote_format":"","ocean_quote_format_link":"post","ocean_gallery_link_images":"off","ocean_gallery_id":[],"footnotes":"[]"},"categories":[67,36,35],"tags":[],"class_list":["post-3398","post","type-post","status-publish","format-standard","has-post-thumbnail","hentry","category-67","category-bericht","category-vereinsleben","entry","has-media"],"_links":{"self":[{"href":"http:\/\/www.mvbreitenau.at\/v2\/index.php?rest_route=\/wp\/v2\/posts\/3398","targetHints":{"allow":["GET"]}}],"collection":[{"href":"http:\/\/www.mvbreitenau.at\/v2\/index.php?rest_route=\/wp\/v2\/posts"}],"about":[{"href":"http:\/\/www.mvbreitenau.at\/v2\/index.php?rest_route=\/wp\/v2\/types\/post"}],"author":[{"embeddable":true,"href":"http:\/\/www.mvbreitenau.at\/v2\/index.php?rest_route=\/wp\/v2\/users\/3"}],"replies":[{"embeddable":true,"href":"http:\/\/www.mvbreitenau.at\/v2\/index.php?rest_route=%2Fwp%2Fv2%2Fcomments&post=3398"}],"version-history":[{"count":6,"href":"http:\/\/www.mvbreitenau.at\/v2\/index.php?rest_route=\/wp\/v2\/posts\/3398\/revisions"}],"predecessor-version":[{"id":3412,"href":"http:\/\/www.mvbreitenau.at\/v2\/index.php?rest_route=\/wp\/v2\/posts\/3398\/revisions\/3412"}],"wp:featuredmedia":[{"embeddable":true,"href":"http:\/\/www.mvbreitenau.at\/v2\/index.php?rest_route=\/wp\/v2\/media\/3401"}],"wp:attachment":[{"href":"http:\/\/www.mvbreitenau.at\/v2\/index.php?rest_route=%2Fwp%2Fv2%2Fmedia&parent=3398"}],"wp:term":[{"taxonomy":"category","embeddable":true,"href":"http:\/\/www.mvbreitenau.at\/v2\/index.php?rest_route=%2Fwp%2Fv2%2Fcategories&post=3398"},{"taxonomy":"post_tag","embeddable":true,"href":"http:\/\/www.mvbreitenau.at\/v2\/index.php?rest_route=%2Fwp%2Fv2%2Ftags&post=3398"}],"curies":[{"name":"wp","href":"https:\/\/api.w.org\/{rel}","templated":true}]}}