{"id":3503,"date":"2024-06-01T17:00:06","date_gmt":"2024-06-01T16:00:06","guid":{"rendered":"https:\/\/www.mvbreitenau.at\/v2\/?p=3503"},"modified":"2024-06-02T12:40:49","modified_gmt":"2024-06-02T11:40:49","slug":"kirtagbaumaufstellen-2024","status":"publish","type":"post","link":"http:\/\/www.mvbreitenau.at\/v2\/?p=3503","title":{"rendered":"Kirtagbaumaufstellen 2024"},"content":{"rendered":"\n<p><strong><em>&#8222;Heavy Metal vs. Breitenau Metal&#8220;<\/em><\/strong><\/p>\n\n\n\n<p>Hinsichtlich der Anzahl aufgestellter B\u00e4ume h\u00e4tten wir den ungleichen Wettbewerb wohl gewonnen.<br>In Ebreichsdorf war Metallica zu Gast, im Breitenauer Park war der Musikverein zu Gast und durfte sich trotz einer eher labilen Wetterlage \u00fcber zahlreiche wetterfeste G\u00e4ste im Park freuen.<\/p>\n\n\n<div class=\"wp-block-image\">\n<figure class=\"aligncenter size-large is-resized\"><img fetchpriority=\"high\" decoding=\"async\" width=\"693\" height=\"1024\" src=\"https:\/\/www.mvbreitenau.at\/v2\/wp-content\/uploads\/2024\/06\/image-15-693x1024.png\" alt=\"\" class=\"wp-image-3506\" style=\"width:423px;height:auto\" srcset=\"http:\/\/www.mvbreitenau.at\/v2\/wp-content\/uploads\/2024\/06\/image-15-693x1024.png 693w, http:\/\/www.mvbreitenau.at\/v2\/wp-content\/uploads\/2024\/06\/image-15-203x300.png 203w, http:\/\/www.mvbreitenau.at\/v2\/wp-content\/uploads\/2024\/06\/image-15-768x1135.png 768w, http:\/\/www.mvbreitenau.at\/v2\/wp-content\/uploads\/2024\/06\/image-15-1039x1536.png 1039w, http:\/\/www.mvbreitenau.at\/v2\/wp-content\/uploads\/2024\/06\/image-15.png 1265w\" sizes=\"(max-width: 693px) 100vw, 693px\" \/><\/figure>\n<\/div>\n\n\n<p>Ein Blick auf die lange Historie des Baumaufstellens zeigt, dass ein Regen wohl dazu geh\u00f6rt. Dem Baum selbst half der Regen aber nicht mehr; darf er doch nun ausschlie\u00dflich die Wartezeit bis zum Gemeindekirtag etwas aufh\u00fcbschen &#8211; quasi sein <strong>AlleinSTELLungsmerkmal<\/strong>.<br><\/p>\n\n\n\n<p>Wie immer gilt der Dank der Feuerwehr f\u00fcr die Absicherung, der Familie \/ Fa. Duskanich f\u00fcr das mechanische Aufstellen des Baumes, den Kollegen und Freunden f\u00fcr das Aufputzen\/f\u00fcr das Transportieren und nat\u00fcrlich den Baumspendern. In diesem Jahr stammt die 18,4m hohe F\u00f6hre von der Fam. Hofb\u00f6ck.<br><\/p>\n\n\n\n<figure class=\"wp-block-image size-full\"><img decoding=\"async\" width=\"858\" height=\"446\" src=\"https:\/\/www.mvbreitenau.at\/v2\/wp-content\/uploads\/2024\/06\/image-20.png\" alt=\"\" class=\"wp-image-3514\" srcset=\"http:\/\/www.mvbreitenau.at\/v2\/wp-content\/uploads\/2024\/06\/image-20.png 858w, http:\/\/www.mvbreitenau.at\/v2\/wp-content\/uploads\/2024\/06\/image-20-300x156.png 300w, http:\/\/www.mvbreitenau.at\/v2\/wp-content\/uploads\/2024\/06\/image-20-768x399.png 768w\" sizes=\"(max-width: 858px) 100vw, 858px\" \/><\/figure>\n\n\n\n<p>Ein wenig musiziert und etwas mehr oder weniger gefeiert wurde nat\u00fcrlich auch. Etwas situationselastisch fielen die Reden von Helmut Maier aus, musste er doch die Wetterlage, den Fortschritt des Aufstellens und unsere Power sowie Witterungsfestigkeit gut ausloten. Als w\u00e4re Helmut noch amtierender B\u00fcrgermeister, hat er gestern gegen 18:00 den neuen Kurzzeitbreitenauer im Park begr\u00fc\u00dft. Die feierliche Verabschiedung findet in rund 2 Wochen, am 16.06.2024 im Park statt, wo es gem\u00e4\u00df dem &#8222;100-j\u00e4hrigen&#8220; Kirtagbaumkalender fast ausschlie\u00dflich gutes Wetter gab und auch diesmal geben wird.<br><br><\/p>\n\n\n\n<figure class=\"wp-block-image size-large\"><img decoding=\"async\" width=\"1024\" height=\"570\" src=\"https:\/\/www.mvbreitenau.at\/v2\/wp-content\/uploads\/2024\/06\/image-19-1024x570.png\" alt=\"\" class=\"wp-image-3510\" srcset=\"http:\/\/www.mvbreitenau.at\/v2\/wp-content\/uploads\/2024\/06\/image-19-1024x570.png 1024w, http:\/\/www.mvbreitenau.at\/v2\/wp-content\/uploads\/2024\/06\/image-19-300x167.png 300w, http:\/\/www.mvbreitenau.at\/v2\/wp-content\/uploads\/2024\/06\/image-19-768x428.png 768w, http:\/\/www.mvbreitenau.at\/v2\/wp-content\/uploads\/2024\/06\/image-19.png 1510w\" sizes=\"(max-width: 1024px) 100vw, 1024px\" \/><\/figure>\n\n\n\n<p>Nochmals vielen Dank f\u00fcrs Kommen, f\u00fcrs Aushalten und den gemeinsamen Ausklang am Samstag. Dank auch an die MV-Kollegen und helfenden H\u00e4nde im Essens- und Schankbereich.<\/p>\n\n\n\n<p>Traditionell wird der Baum in der ersten und in der letzten Nacht bewacht &#8211; Obfrau-Stv. Martin Kratochvil verteidigte und bewachte den Baum bestens, was am Statusbild um 07:00 noch gut zu erkennen ist. Das Fernduell mit Ebreichsdorf in der Kategorie &#8222;Aushalten&#8220; h\u00e4tten wir, in Person von Martin wohl gewonnen.<\/p>\n\n\n\n<p>Wir freuen uns schon, Sie \/ Dich in knapp 2 Wochen im Park zu begr\u00fc\u00dfen. Diese Wahl ist wohl einfacher als jene in einer Woche &#8211; bitte beiden vermerken und hingehen.<br><br><\/p>\n\n\n<div class=\"wp-block-image\">\n<figure class=\"aligncenter size-full is-resized\"><img loading=\"lazy\" decoding=\"async\" width=\"674\" height=\"390\" src=\"https:\/\/www.mvbreitenau.at\/v2\/wp-content\/uploads\/2024\/06\/image-17.png\" alt=\"\" class=\"wp-image-3508\" style=\"width:514px;height:auto\" srcset=\"http:\/\/www.mvbreitenau.at\/v2\/wp-content\/uploads\/2024\/06\/image-17.png 674w, http:\/\/www.mvbreitenau.at\/v2\/wp-content\/uploads\/2024\/06\/image-17-300x174.png 300w\" sizes=\"(max-width: 674px) 100vw, 674px\" \/><\/figure>\n<\/div>\n\n\n<p>&#8212;<\/p>\n\n\n\n<p>HaMa<\/p>\n\n\n\n<p>Fotos: MVB<\/p>\n\n\n","protected":false},"excerpt":{"rendered":"<p>&#8222;Heavy Metal vs. Breitenau Metal&#8220; Hinsichtlich der Anzahl aufgestellter B\u00e4ume h\u00e4tten wir den ungleichen Wettbewerb wohl gewonnen.In Ebreichsdorf war Metallica zu Gast, im Breitenauer Park war der Musikverein zu Gast und durfte sich trotz einer eher labilen Wetterlage \u00fcber zahlreiche wetterfeste G\u00e4ste im Park freuen. Ein Blick auf die lange Historie des Baumaufstellens zeigt, dass [&hellip;]<\/p>\n","protected":false},"author":3,"featured_media":3513,"comment_status":"closed","ping_status":"closed","sticky":false,"template":"","format":"standard","meta":{"ocean_post_layout":"","ocean_both_sidebars_style":"","ocean_both_sidebars_content_width":0,"ocean_both_sidebars_sidebars_width":0,"ocean_sidebar":"0","ocean_second_sidebar":"0","ocean_disable_margins":"enable","ocean_add_body_class":"","ocean_shortcode_before_top_bar":"","ocean_shortcode_after_top_bar":"","ocean_shortcode_before_header":"","ocean_shortcode_after_header":"","ocean_has_shortcode":"","ocean_shortcode_after_title":"","ocean_shortcode_before_footer_widgets":"","ocean_shortcode_after_footer_widgets":"","ocean_shortcode_before_footer_bottom":"","ocean_shortcode_after_footer_bottom":"","ocean_display_top_bar":"default","ocean_display_header":"default","ocean_header_style":"","ocean_center_header_left_menu":"0","ocean_custom_header_template":"0","ocean_custom_logo":0,"ocean_custom_retina_logo":0,"ocean_custom_logo_max_width":0,"ocean_custom_logo_tablet_max_width":0,"ocean_custom_logo_mobile_max_width":0,"ocean_custom_logo_max_height":0,"ocean_custom_logo_tablet_max_height":0,"ocean_custom_logo_mobile_max_height":0,"ocean_header_custom_menu":"0","ocean_menu_typo_font_family":"0","ocean_menu_typo_font_subset":"","ocean_menu_typo_font_size":0,"ocean_menu_typo_font_size_tablet":0,"ocean_menu_typo_font_size_mobile":0,"ocean_menu_typo_font_size_unit":"px","ocean_menu_typo_font_weight":"","ocean_menu_typo_font_weight_tablet":"","ocean_menu_typo_font_weight_mobile":"","ocean_menu_typo_transform":"","ocean_menu_typo_transform_tablet":"","ocean_menu_typo_transform_mobile":"","ocean_menu_typo_line_height":0,"ocean_menu_typo_line_height_tablet":0,"ocean_menu_typo_line_height_mobile":0,"ocean_menu_typo_line_height_unit":"","ocean_menu_typo_spacing":0,"ocean_menu_typo_spacing_tablet":0,"ocean_menu_typo_spacing_mobile":0,"ocean_menu_typo_spacing_unit":"","ocean_menu_link_color":"","ocean_menu_link_color_hover":"","ocean_menu_link_color_active":"","ocean_menu_link_background":"","ocean_menu_link_hover_background":"","ocean_menu_link_active_background":"","ocean_menu_social_links_bg":"","ocean_menu_social_hover_links_bg":"","ocean_menu_social_links_color":"","ocean_menu_social_hover_links_color":"","ocean_disable_title":"default","ocean_disable_heading":"default","ocean_post_title":"","ocean_post_subheading":"","ocean_post_title_style":"","ocean_post_title_background_color":"","ocean_post_title_background":0,"ocean_post_title_bg_image_position":"","ocean_post_title_bg_image_attachment":"","ocean_post_title_bg_image_repeat":"","ocean_post_title_bg_image_size":"","ocean_post_title_height":0,"ocean_post_title_bg_overlay":0.5,"ocean_post_title_bg_overlay_color":"","ocean_disable_breadcrumbs":"default","ocean_breadcrumbs_color":"","ocean_breadcrumbs_separator_color":"","ocean_breadcrumbs_links_color":"","ocean_breadcrumbs_links_hover_color":"","ocean_display_footer_widgets":"default","ocean_display_footer_bottom":"default","ocean_custom_footer_template":"0","ocean_post_oembed":"","ocean_post_self_hosted_media":"","ocean_post_video_embed":"","ocean_link_format":"","ocean_link_format_target":"self","ocean_quote_format":"","ocean_quote_format_link":"post","ocean_gallery_link_images":"off","ocean_gallery_id":[],"footnotes":"[]"},"categories":[67,36,35],"tags":[],"class_list":["post-3503","post","type-post","status-publish","format-standard","has-post-thumbnail","hentry","category-67","category-bericht","category-vereinsleben","entry","has-media"],"_links":{"self":[{"href":"http:\/\/www.mvbreitenau.at\/v2\/index.php?rest_route=\/wp\/v2\/posts\/3503","targetHints":{"allow":["GET"]}}],"collection":[{"href":"http:\/\/www.mvbreitenau.at\/v2\/index.php?rest_route=\/wp\/v2\/posts"}],"about":[{"href":"http:\/\/www.mvbreitenau.at\/v2\/index.php?rest_route=\/wp\/v2\/types\/post"}],"author":[{"embeddable":true,"href":"http:\/\/www.mvbreitenau.at\/v2\/index.php?rest_route=\/wp\/v2\/users\/3"}],"replies":[{"embeddable":true,"href":"http:\/\/www.mvbreitenau.at\/v2\/index.php?rest_route=%2Fwp%2Fv2%2Fcomments&post=3503"}],"version-history":[{"count":4,"href":"http:\/\/www.mvbreitenau.at\/v2\/index.php?rest_route=\/wp\/v2\/posts\/3503\/revisions"}],"predecessor-version":[{"id":3515,"href":"http:\/\/www.mvbreitenau.at\/v2\/index.php?rest_route=\/wp\/v2\/posts\/3503\/revisions\/3515"}],"wp:featuredmedia":[{"embeddable":true,"href":"http:\/\/www.mvbreitenau.at\/v2\/index.php?rest_route=\/wp\/v2\/media\/3513"}],"wp:attachment":[{"href":"http:\/\/www.mvbreitenau.at\/v2\/index.php?rest_route=%2Fwp%2Fv2%2Fmedia&parent=3503"}],"wp:term":[{"taxonomy":"category","embeddable":true,"href":"http:\/\/www.mvbreitenau.at\/v2\/index.php?rest_route=%2Fwp%2Fv2%2Fcategories&post=3503"},{"taxonomy":"post_tag","embeddable":true,"href":"http:\/\/www.mvbreitenau.at\/v2\/index.php?rest_route=%2Fwp%2Fv2%2Ftags&post=3503"}],"curies":[{"name":"wp","href":"https:\/\/api.w.org\/{rel}","templated":true}]}}