{"id":3677,"date":"2025-04-25T17:00:56","date_gmt":"2025-04-25T16:00:56","guid":{"rendered":"https:\/\/www.mvbreitenau.at\/v2\/?p=3677"},"modified":"2025-04-27T18:37:20","modified_gmt":"2025-04-27T17:37:20","slug":"florianimesse-fahrzeugweihe-ff-breitenau","status":"publish","type":"post","link":"http:\/\/www.mvbreitenau.at\/v2\/?p=3677","title":{"rendered":"Florianimesse + Fahrzeugweihe FF Breitenau"},"content":{"rendered":"\n<p><strong>Vom Regen in die Taufe <\/strong>(leicht abgewandelte Redeform)<\/p>\n\n\n\n<p><a><\/a>Die FF Breitenau hat sich wohl den wettertechnisch schlechtesten Tag der Woche (Fr., 25.04.2025) f\u00fcr diesen H\u00f6hepunkt des Jahres herausgesucht.<\/p>\n\n\n\n<p>Das Wetter kann man sich leider noch nicht aussuchen (obwohl dies gerade f\u00fcr die Feuerwehr sinnvoll w\u00e4re), die Kleidung und die G\u00e4ste schon. Letztere lie\u00dfen sich auch von den April-haften-Wetterkapriolen nicht abschrecken und fanden den Weg ins Festzelt in Breitenau.<\/p>\n\n\n\n<p>Neben zahlreichen Ehreng\u00e4sten aus der regionalen und der Landes-Politik konnten auch zahlreiche Feuerwehrkollegen aus der n\u00e4heren und ferneren Umgebung (Ungarn) begr\u00fc\u00dft werden.<br><\/p>\n\n\n<div class=\"wp-block-image\">\n<figure class=\"aligncenter size-full is-resized\"><img fetchpriority=\"high\" decoding=\"async\" width=\"1024\" height=\"652\" src=\"https:\/\/www.mvbreitenau.at\/v2\/wp-content\/uploads\/2025\/04\/image-6.png\" alt=\"\" class=\"wp-image-3681\" style=\"width:542px;height:auto\" srcset=\"http:\/\/www.mvbreitenau.at\/v2\/wp-content\/uploads\/2025\/04\/image-6.png 1024w, http:\/\/www.mvbreitenau.at\/v2\/wp-content\/uploads\/2025\/04\/image-6-300x191.png 300w, http:\/\/www.mvbreitenau.at\/v2\/wp-content\/uploads\/2025\/04\/image-6-768x489.png 768w\" sizes=\"(max-width: 1024px) 100vw, 1024px\" \/><\/figure>\n<\/div>\n\n\n<p>Pater Martin er\u00f6ffnete den Festakt mit einer Florianimesse, welche den Abschluss in der Segnung des neuen Feuerwehrautos der Kategorie HLF2 gefunden hat. Doppelt gesegnet ist das Fahrzeug nun offiziell in Dienst gestellt und wird in den hoffentlich \u00fcberschaubaren Anlassf\u00e4llen den FF-Kollegen noch besser helfen k\u00f6nnen. Gerade in Zeiten von finanziellen Korsetten ist die Beschaffung des rund 580.000 \u20ac teuren Fahrzeuges eine besondere Danksagung an alle involvierten Stellen (Land, Gemeinde), aber auch jedem Einzelspender wert! Wie bei jeder Florianimesse wurde auch den Leistungen und der jahrelangen Mitgliedschaften mit Auszeichnungen und Urkunden gedankt.<\/p>\n\n\n<div class=\"wp-block-image\">\n<figure class=\"aligncenter size-large is-resized\"><img decoding=\"async\" width=\"740\" height=\"1024\" src=\"https:\/\/www.mvbreitenau.at\/v2\/wp-content\/uploads\/2025\/04\/image-4-740x1024.png\" alt=\"\" class=\"wp-image-3679\" style=\"width:351px;height:auto\" srcset=\"http:\/\/www.mvbreitenau.at\/v2\/wp-content\/uploads\/2025\/04\/image-4-740x1024.png 740w, http:\/\/www.mvbreitenau.at\/v2\/wp-content\/uploads\/2025\/04\/image-4-217x300.png 217w, http:\/\/www.mvbreitenau.at\/v2\/wp-content\/uploads\/2025\/04\/image-4-768x1062.png 768w, http:\/\/www.mvbreitenau.at\/v2\/wp-content\/uploads\/2025\/04\/image-4-1111x1536.png 1111w, http:\/\/www.mvbreitenau.at\/v2\/wp-content\/uploads\/2025\/04\/image-4.png 1295w\" sizes=\"(max-width: 740px) 100vw, 740px\" \/><\/figure>\n<\/div>\n\n\n<p>Als Musikverein Breitenau war es uns eine Ehre und gleichsam ein Pr\u00e4sent zum ebenfalls stattfindenden 145-Jahre-Jubil\u00e4um, diesen Festakt musikalisch umrahmen zu d\u00fcrfen.<\/p>\n\n\n<div class=\"wp-block-image\">\n<figure class=\"aligncenter size-full is-resized\"><img decoding=\"async\" width=\"1024\" height=\"907\" src=\"https:\/\/www.mvbreitenau.at\/v2\/wp-content\/uploads\/2025\/04\/image-5.png\" alt=\"\" class=\"wp-image-3680\" style=\"width:416px;height:auto\" srcset=\"http:\/\/www.mvbreitenau.at\/v2\/wp-content\/uploads\/2025\/04\/image-5.png 1024w, http:\/\/www.mvbreitenau.at\/v2\/wp-content\/uploads\/2025\/04\/image-5-300x266.png 300w, http:\/\/www.mvbreitenau.at\/v2\/wp-content\/uploads\/2025\/04\/image-5-768x680.png 768w\" sizes=\"(max-width: 1024px) 100vw, 1024px\" \/><\/figure>\n<\/div>\n\n\n<p>Ja, es war wahrlich etwas frisch und nass, aber zumindest die Kollegen am Schlagwerk hielten sich durch noch intensiveres Trommeln und Schlagen &#8222;warm&#8220;, wie auch das Foto zeigt.<\/p>\n\n\n<div class=\"wp-block-image\">\n<figure class=\"aligncenter size-large is-resized\"><img loading=\"lazy\" decoding=\"async\" width=\"1024\" height=\"707\" src=\"https:\/\/www.mvbreitenau.at\/v2\/wp-content\/uploads\/2025\/04\/image-7-1024x707.png\" alt=\"\" class=\"wp-image-3682\" style=\"width:456px;height:auto\" srcset=\"http:\/\/www.mvbreitenau.at\/v2\/wp-content\/uploads\/2025\/04\/image-7-1024x707.png 1024w, http:\/\/www.mvbreitenau.at\/v2\/wp-content\/uploads\/2025\/04\/image-7-300x207.png 300w, http:\/\/www.mvbreitenau.at\/v2\/wp-content\/uploads\/2025\/04\/image-7-768x530.png 768w, http:\/\/www.mvbreitenau.at\/v2\/wp-content\/uploads\/2025\/04\/image-7.png 1053w\" sizes=\"(max-width: 1024px) 100vw, 1024px\" \/><\/figure>\n<\/div>\n\n\n<p>Das Wichtigste zum Abschluss: Das Feuerwehrfest &#8222;Stoaf\u00f6dfest&#8220; dauert noch bis Sonntag, 27.04.25, wo wir (MVB) auch den Fr\u00fchschoppen veranstalten d\u00fcrfen &#8230; bei hoffentlich besseren Witterungsverh\u00e4ltnissen (oder eben besser adjustiert) <img loading=\"lazy\" decoding=\"async\" height=\"16\" width=\"16\" src=\"https:\/\/static.xx.fbcdn.net\/images\/emoji.php\/v9\/t57\/1\/16\/1f609.png\" alt=\"\ud83d\ude09\"><br><br><\/p>\n\n\n\n<figure class=\"wp-block-image size-large\"><img loading=\"lazy\" decoding=\"async\" width=\"1024\" height=\"461\" src=\"https:\/\/www.mvbreitenau.at\/v2\/wp-content\/uploads\/2025\/04\/image-10-1024x461.png\" alt=\"\" class=\"wp-image-3687\" srcset=\"http:\/\/www.mvbreitenau.at\/v2\/wp-content\/uploads\/2025\/04\/image-10-1024x461.png 1024w, http:\/\/www.mvbreitenau.at\/v2\/wp-content\/uploads\/2025\/04\/image-10-300x135.png 300w, http:\/\/www.mvbreitenau.at\/v2\/wp-content\/uploads\/2025\/04\/image-10-768x346.png 768w, http:\/\/www.mvbreitenau.at\/v2\/wp-content\/uploads\/2025\/04\/image-10-1536x692.png 1536w, http:\/\/www.mvbreitenau.at\/v2\/wp-content\/uploads\/2025\/04\/image-10.png 1600w\" sizes=\"(max-width: 1024px) 100vw, 1024px\" \/><\/figure>\n\n\n\n<p class=\"has-text-align-center\"><br><br><br><\/p>\n\n\n\n<p>&#8212;<\/p>\n\n\n\n<p>Hama<\/p>\n\n\n\n<p>Fotos: MVB<\/p>\n\n\n\n<p><\/p>\n","protected":false},"excerpt":{"rendered":"<p>Vom Regen in die Taufe (leicht abgewandelte Redeform) Die FF Breitenau hat sich wohl den wettertechnisch schlechtesten Tag der Woche (Fr., 25.04.2025) f\u00fcr diesen H\u00f6hepunkt des Jahres herausgesucht. Das Wetter kann man sich leider noch nicht aussuchen (obwohl dies gerade f\u00fcr die Feuerwehr sinnvoll w\u00e4re), die Kleidung und die G\u00e4ste schon. Letztere lie\u00dfen sich auch [&hellip;]<\/p>\n","protected":false},"author":3,"featured_media":3685,"comment_status":"closed","ping_status":"closed","sticky":false,"template":"","format":"standard","meta":{"ocean_post_layout":"","ocean_both_sidebars_style":"","ocean_both_sidebars_content_width":0,"ocean_both_sidebars_sidebars_width":0,"ocean_sidebar":"0","ocean_second_sidebar":"0","ocean_disable_margins":"enable","ocean_add_body_class":"","ocean_shortcode_before_top_bar":"","ocean_shortcode_after_top_bar":"","ocean_shortcode_before_header":"","ocean_shortcode_after_header":"","ocean_has_shortcode":"","ocean_shortcode_after_title":"","ocean_shortcode_before_footer_widgets":"","ocean_shortcode_after_footer_widgets":"","ocean_shortcode_before_footer_bottom":"","ocean_shortcode_after_footer_bottom":"","ocean_display_top_bar":"default","ocean_display_header":"default","ocean_header_style":"","ocean_center_header_left_menu":"0","ocean_custom_header_template":"0","ocean_custom_logo":0,"ocean_custom_retina_logo":0,"ocean_custom_logo_max_width":0,"ocean_custom_logo_tablet_max_width":0,"ocean_custom_logo_mobile_max_width":0,"ocean_custom_logo_max_height":0,"ocean_custom_logo_tablet_max_height":0,"ocean_custom_logo_mobile_max_height":0,"ocean_header_custom_menu":"0","ocean_menu_typo_font_family":"0","ocean_menu_typo_font_subset":"","ocean_menu_typo_font_size":0,"ocean_menu_typo_font_size_tablet":0,"ocean_menu_typo_font_size_mobile":0,"ocean_menu_typo_font_size_unit":"px","ocean_menu_typo_font_weight":"","ocean_menu_typo_font_weight_tablet":"","ocean_menu_typo_font_weight_mobile":"","ocean_menu_typo_transform":"","ocean_menu_typo_transform_tablet":"","ocean_menu_typo_transform_mobile":"","ocean_menu_typo_line_height":0,"ocean_menu_typo_line_height_tablet":0,"ocean_menu_typo_line_height_mobile":0,"ocean_menu_typo_line_height_unit":"","ocean_menu_typo_spacing":0,"ocean_menu_typo_spacing_tablet":0,"ocean_menu_typo_spacing_mobile":0,"ocean_menu_typo_spacing_unit":"","ocean_menu_link_color":"","ocean_menu_link_color_hover":"","ocean_menu_link_color_active":"","ocean_menu_link_background":"","ocean_menu_link_hover_background":"","ocean_menu_link_active_background":"","ocean_menu_social_links_bg":"","ocean_menu_social_hover_links_bg":"","ocean_menu_social_links_color":"","ocean_menu_social_hover_links_color":"","ocean_disable_title":"default","ocean_disable_heading":"default","ocean_post_title":"","ocean_post_subheading":"","ocean_post_title_style":"","ocean_post_title_background_color":"","ocean_post_title_background":0,"ocean_post_title_bg_image_position":"","ocean_post_title_bg_image_attachment":"","ocean_post_title_bg_image_repeat":"","ocean_post_title_bg_image_size":"","ocean_post_title_height":0,"ocean_post_title_bg_overlay":0.5,"ocean_post_title_bg_overlay_color":"","ocean_disable_breadcrumbs":"default","ocean_breadcrumbs_color":"","ocean_breadcrumbs_separator_color":"","ocean_breadcrumbs_links_color":"","ocean_breadcrumbs_links_hover_color":"","ocean_display_footer_widgets":"default","ocean_display_footer_bottom":"default","ocean_custom_footer_template":"0","ocean_post_oembed":"","ocean_post_self_hosted_media":"","ocean_post_video_embed":"","ocean_link_format":"","ocean_link_format_target":"self","ocean_quote_format":"","ocean_quote_format_link":"post","ocean_gallery_link_images":"off","ocean_gallery_id":[],"footnotes":""},"categories":[68,36,35],"tags":[],"class_list":["post-3677","post","type-post","status-publish","format-standard","has-post-thumbnail","hentry","category-68","category-bericht","category-vereinsleben","entry","has-media"],"_links":{"self":[{"href":"http:\/\/www.mvbreitenau.at\/v2\/index.php?rest_route=\/wp\/v2\/posts\/3677","targetHints":{"allow":["GET"]}}],"collection":[{"href":"http:\/\/www.mvbreitenau.at\/v2\/index.php?rest_route=\/wp\/v2\/posts"}],"about":[{"href":"http:\/\/www.mvbreitenau.at\/v2\/index.php?rest_route=\/wp\/v2\/types\/post"}],"author":[{"embeddable":true,"href":"http:\/\/www.mvbreitenau.at\/v2\/index.php?rest_route=\/wp\/v2\/users\/3"}],"replies":[{"embeddable":true,"href":"http:\/\/www.mvbreitenau.at\/v2\/index.php?rest_route=%2Fwp%2Fv2%2Fcomments&post=3677"}],"version-history":[{"count":4,"href":"http:\/\/www.mvbreitenau.at\/v2\/index.php?rest_route=\/wp\/v2\/posts\/3677\/revisions"}],"predecessor-version":[{"id":3688,"href":"http:\/\/www.mvbreitenau.at\/v2\/index.php?rest_route=\/wp\/v2\/posts\/3677\/revisions\/3688"}],"wp:featuredmedia":[{"embeddable":true,"href":"http:\/\/www.mvbreitenau.at\/v2\/index.php?rest_route=\/wp\/v2\/media\/3685"}],"wp:attachment":[{"href":"http:\/\/www.mvbreitenau.at\/v2\/index.php?rest_route=%2Fwp%2Fv2%2Fmedia&parent=3677"}],"wp:term":[{"taxonomy":"category","embeddable":true,"href":"http:\/\/www.mvbreitenau.at\/v2\/index.php?rest_route=%2Fwp%2Fv2%2Fcategories&post=3677"},{"taxonomy":"post_tag","embeddable":true,"href":"http:\/\/www.mvbreitenau.at\/v2\/index.php?rest_route=%2Fwp%2Fv2%2Ftags&post=3677"}],"curies":[{"name":"wp","href":"https:\/\/api.w.org\/{rel}","templated":true}]}}