{"id":3695,"date":"2025-06-19T09:00:58","date_gmt":"2025-06-19T08:00:58","guid":{"rendered":"https:\/\/www.mvbreitenau.at\/v2\/?p=3695"},"modified":"2025-06-27T20:06:49","modified_gmt":"2025-06-27T19:06:49","slug":"fronleichnam-in-schwarzau-2","status":"publish","type":"post","link":"http:\/\/www.mvbreitenau.at\/v2\/?p=3695","title":{"rendered":"Fronleichnam in Schwarzau"},"content":{"rendered":"\n<p><br><strong>Fronleichnamsprozession in Schwarzau &#8211; 19.06.2025<\/strong><\/p>\n\n\n\n<p><a><\/a>[&#8230;]\n\n\n\n<p><strong><em>Entstehung des Festes<\/em><\/strong><\/p>\n\n\n\n<p><em>Das Fest der leiblichen Gegenwart Christi in der Eucharistie wurde erstmals 1247 im Bistum L\u00fcttich in der Basilika St. Martin gefeiert und 1264 von Papst Urban IV. durch die Bulle Transiturus de hoc mundo zum Fest der Gesamtkirche erhoben. Ausl\u00f6ser dieser Entscheidung war das Blutwunder von Bolsena, das von ihm im Jahre 1263 als echtes Wunder anerkannt worden war.<\/em><\/p>\n\n\n\n<p><em>(Quelle: wikipedia <a href=\"https:\/\/de.wikipedia.org\/wiki\/Fronleichnam?fbclid=IwZXh0bgNhZW0CMTAAYnJpZBExNGFDZnpuZWhnbDhUMW9HdAEebDFPmvYXYUR8dWEVD_a1wT8AC68h5ycSSaoDgmY2hKfqoARxA2rC9gE-1Ko_aem_j8MAsgtOObUNn7xXfqi0XA#Geschichte\" target=\"_blank\" rel=\"noreferrer noopener\">https:\/\/de.wikipedia.org\/wiki\/Fronleichnam#Geschichte<\/a>)<\/em><\/p>\n\n\n\n[&#8230;]\n\n\n\n<p>778 Jahre sp\u00e4ter ist dieses Fest nach wie vor in unserer Mitte und so trafen wir uns mitten in Schwarzau zur mittlerweile traditionellen Fronleichnamsprozession.<br>Einige Jahre f\u00fchrte die Prozession durch den wundersch\u00f6nen Schlosspark der Justizanstalt Schwarzau. Leider erlaubte ge\u00e4nderte Sicherheitsrestriktionen dies in diesem Jahr nicht mehr.<br>Statt &#8222;links&#8220; sind wir eben &#8222;rechts&#8220; nach der Br\u00fccke abgebogen und folgten einem anderen Pfad mit leicht ge\u00e4nderten Stationen. In Abwechslung mit dem Kirchenchor waren wir f\u00fcr die prozessuale Musik zust\u00e4ndig &#8211; nebenbei begleitete uns hochsommerliches Wetter.<br><\/p>\n\n\n<div class=\"wp-block-image\">\n<figure class=\"aligncenter size-full\"><img fetchpriority=\"high\" decoding=\"async\" width=\"971\" height=\"610\" src=\"https:\/\/www.mvbreitenau.at\/v2\/wp-content\/uploads\/2025\/06\/image.png\" alt=\"\" class=\"wp-image-3697\" srcset=\"http:\/\/www.mvbreitenau.at\/v2\/wp-content\/uploads\/2025\/06\/image.png 971w, http:\/\/www.mvbreitenau.at\/v2\/wp-content\/uploads\/2025\/06\/image-300x188.png 300w, http:\/\/www.mvbreitenau.at\/v2\/wp-content\/uploads\/2025\/06\/image-768x482.png 768w\" sizes=\"(max-width: 971px) 100vw, 971px\" \/><\/figure>\n<\/div>\n\n\n<p>Indirekt und etwas sp\u00e4t, ein Dank an Urban IV, dass es diese Feier \/ dieses Gedenken gibt &#8230; und dass es noch als Feiertag in \u00d6sterreich hochgehalten.<\/p>\n\n\n\n<p>Vielleicht hilft neben der Teilnahme an der Prozession auch der eine andere Blick auf die wikipedia-Page um dies &#8222;richtiger&#8220; einzuordnen. Ich denke, wir treffen uns am 04.06.2026 in Schwarzau <img decoding=\"async\" height=\"16\" width=\"16\" alt=\"\ud83d\ude09\" src=\"https:\/\/static.xx.fbcdn.net\/images\/emoji.php\/v9\/t57\/1\/16\/1f609.png\"><\/p>\n\n\n<div class=\"wp-block-image\">\n<figure class=\"aligncenter size-full\"><img decoding=\"async\" width=\"681\" height=\"466\" src=\"https:\/\/www.mvbreitenau.at\/v2\/wp-content\/uploads\/2025\/06\/image-2.png\" alt=\"\" class=\"wp-image-3701\" srcset=\"http:\/\/www.mvbreitenau.at\/v2\/wp-content\/uploads\/2025\/06\/image-2.png 681w, http:\/\/www.mvbreitenau.at\/v2\/wp-content\/uploads\/2025\/06\/image-2-300x205.png 300w, http:\/\/www.mvbreitenau.at\/v2\/wp-content\/uploads\/2025\/06\/image-2-474x324.png 474w\" sizes=\"(max-width: 681px) 100vw, 681px\" \/><\/figure>\n<\/div>\n\n<div class=\"wp-block-image\">\n<figure class=\"aligncenter size-full is-resized\"><img loading=\"lazy\" decoding=\"async\" width=\"800\" height=\"536\" src=\"https:\/\/www.mvbreitenau.at\/v2\/wp-content\/uploads\/2025\/06\/image-1.png\" alt=\"\" class=\"wp-image-3698\" style=\"width:682px;height:auto\" srcset=\"http:\/\/www.mvbreitenau.at\/v2\/wp-content\/uploads\/2025\/06\/image-1.png 800w, http:\/\/www.mvbreitenau.at\/v2\/wp-content\/uploads\/2025\/06\/image-1-300x201.png 300w, http:\/\/www.mvbreitenau.at\/v2\/wp-content\/uploads\/2025\/06\/image-1-768x515.png 768w\" sizes=\"(max-width: 800px) 100vw, 800px\" \/><\/figure>\n<\/div>\n\n\n<p><br>&#8212;<\/p>\n\n\n\n<p>HaMa<\/p>\n\n\n\n<p>Fotos: MVB<\/p>\n\n\n\n<p><\/p>\n","protected":false},"excerpt":{"rendered":"<p>Fronleichnamsprozession in Schwarzau &#8211; 19.06.2025 [&#8230;] Entstehung des Festes Das Fest der leiblichen Gegenwart Christi in der Eucharistie wurde erstmals 1247 im Bistum L\u00fcttich in der Basilika St. Martin gefeiert und 1264 von Papst Urban IV. durch die Bulle Transiturus de hoc mundo zum Fest der Gesamtkirche erhoben. Ausl\u00f6ser dieser Entscheidung war das Blutwunder von [&hellip;]<\/p>\n","protected":false},"author":3,"featured_media":3698,"comment_status":"closed","ping_status":"closed","sticky":false,"template":"","format":"standard","meta":{"ocean_post_layout":"","ocean_both_sidebars_style":"","ocean_both_sidebars_content_width":0,"ocean_both_sidebars_sidebars_width":0,"ocean_sidebar":"0","ocean_second_sidebar":"0","ocean_disable_margins":"enable","ocean_add_body_class":"","ocean_shortcode_before_top_bar":"","ocean_shortcode_after_top_bar":"","ocean_shortcode_before_header":"","ocean_shortcode_after_header":"","ocean_has_shortcode":"","ocean_shortcode_after_title":"","ocean_shortcode_before_footer_widgets":"","ocean_shortcode_after_footer_widgets":"","ocean_shortcode_before_footer_bottom":"","ocean_shortcode_after_footer_bottom":"","ocean_display_top_bar":"default","ocean_display_header":"default","ocean_header_style":"","ocean_center_header_left_menu":"0","ocean_custom_header_template":"0","ocean_custom_logo":0,"ocean_custom_retina_logo":0,"ocean_custom_logo_max_width":0,"ocean_custom_logo_tablet_max_width":0,"ocean_custom_logo_mobile_max_width":0,"ocean_custom_logo_max_height":0,"ocean_custom_logo_tablet_max_height":0,"ocean_custom_logo_mobile_max_height":0,"ocean_header_custom_menu":"0","ocean_menu_typo_font_family":"0","ocean_menu_typo_font_subset":"","ocean_menu_typo_font_size":0,"ocean_menu_typo_font_size_tablet":0,"ocean_menu_typo_font_size_mobile":0,"ocean_menu_typo_font_size_unit":"px","ocean_menu_typo_font_weight":"","ocean_menu_typo_font_weight_tablet":"","ocean_menu_typo_font_weight_mobile":"","ocean_menu_typo_transform":"","ocean_menu_typo_transform_tablet":"","ocean_menu_typo_transform_mobile":"","ocean_menu_typo_line_height":0,"ocean_menu_typo_line_height_tablet":0,"ocean_menu_typo_line_height_mobile":0,"ocean_menu_typo_line_height_unit":"","ocean_menu_typo_spacing":0,"ocean_menu_typo_spacing_tablet":0,"ocean_menu_typo_spacing_mobile":0,"ocean_menu_typo_spacing_unit":"","ocean_menu_link_color":"","ocean_menu_link_color_hover":"","ocean_menu_link_color_active":"","ocean_menu_link_background":"","ocean_menu_link_hover_background":"","ocean_menu_link_active_background":"","ocean_menu_social_links_bg":"","ocean_menu_social_hover_links_bg":"","ocean_menu_social_links_color":"","ocean_menu_social_hover_links_color":"","ocean_disable_title":"default","ocean_disable_heading":"default","ocean_post_title":"","ocean_post_subheading":"","ocean_post_title_style":"","ocean_post_title_background_color":"","ocean_post_title_background":0,"ocean_post_title_bg_image_position":"","ocean_post_title_bg_image_attachment":"","ocean_post_title_bg_image_repeat":"","ocean_post_title_bg_image_size":"","ocean_post_title_height":0,"ocean_post_title_bg_overlay":0.5,"ocean_post_title_bg_overlay_color":"","ocean_disable_breadcrumbs":"default","ocean_breadcrumbs_color":"","ocean_breadcrumbs_separator_color":"","ocean_breadcrumbs_links_color":"","ocean_breadcrumbs_links_hover_color":"","ocean_display_footer_widgets":"default","ocean_display_footer_bottom":"default","ocean_custom_footer_template":"0","ocean_post_oembed":"","ocean_post_self_hosted_media":"","ocean_post_video_embed":"","ocean_link_format":"","ocean_link_format_target":"self","ocean_quote_format":"","ocean_quote_format_link":"post","ocean_gallery_link_images":"off","ocean_gallery_id":[],"footnotes":""},"categories":[68,36,35],"tags":[],"class_list":["post-3695","post","type-post","status-publish","format-standard","has-post-thumbnail","hentry","category-68","category-bericht","category-vereinsleben","entry","has-media"],"_links":{"self":[{"href":"http:\/\/www.mvbreitenau.at\/v2\/index.php?rest_route=\/wp\/v2\/posts\/3695","targetHints":{"allow":["GET"]}}],"collection":[{"href":"http:\/\/www.mvbreitenau.at\/v2\/index.php?rest_route=\/wp\/v2\/posts"}],"about":[{"href":"http:\/\/www.mvbreitenau.at\/v2\/index.php?rest_route=\/wp\/v2\/types\/post"}],"author":[{"embeddable":true,"href":"http:\/\/www.mvbreitenau.at\/v2\/index.php?rest_route=\/wp\/v2\/users\/3"}],"replies":[{"embeddable":true,"href":"http:\/\/www.mvbreitenau.at\/v2\/index.php?rest_route=%2Fwp%2Fv2%2Fcomments&post=3695"}],"version-history":[{"count":3,"href":"http:\/\/www.mvbreitenau.at\/v2\/index.php?rest_route=\/wp\/v2\/posts\/3695\/revisions"}],"predecessor-version":[{"id":3702,"href":"http:\/\/www.mvbreitenau.at\/v2\/index.php?rest_route=\/wp\/v2\/posts\/3695\/revisions\/3702"}],"wp:featuredmedia":[{"embeddable":true,"href":"http:\/\/www.mvbreitenau.at\/v2\/index.php?rest_route=\/wp\/v2\/media\/3698"}],"wp:attachment":[{"href":"http:\/\/www.mvbreitenau.at\/v2\/index.php?rest_route=%2Fwp%2Fv2%2Fmedia&parent=3695"}],"wp:term":[{"taxonomy":"category","embeddable":true,"href":"http:\/\/www.mvbreitenau.at\/v2\/index.php?rest_route=%2Fwp%2Fv2%2Fcategories&post=3695"},{"taxonomy":"post_tag","embeddable":true,"href":"http:\/\/www.mvbreitenau.at\/v2\/index.php?rest_route=%2Fwp%2Fv2%2Ftags&post=3695"}],"curies":[{"name":"wp","href":"https:\/\/api.w.org\/{rel}","templated":true}]}}