{"id":3703,"date":"2025-06-15T09:30:06","date_gmt":"2025-06-15T08:30:06","guid":{"rendered":"https:\/\/www.mvbreitenau.at\/v2\/?p=3703"},"modified":"2025-06-27T20:38:31","modified_gmt":"2025-06-27T19:38:31","slug":"kirtag-in-breitenau-2","status":"publish","type":"post","link":"http:\/\/www.mvbreitenau.at\/v2\/?p=3703","title":{"rendered":"Kirtag in Breitenau"},"content":{"rendered":"\n<p><strong>Kirtag in Breitenau &#8211; Sonntag, 15. Juni 2025<\/strong><\/p>\n\n\n\n<p>Mitte Juni, erneut bestes Wetter und somit ein gelungener musikalischer und feierlicher Ausklang des Breitenauer Kirtags. Bei so einem Wetter sorgt man sich weniger wegen der Regenwolken am Himmel, sondern eher noch einen Platz im Schatten zu finden.<\/p>\n\n\n<div class=\"wp-block-image\">\n<figure class=\"aligncenter size-full\"><img fetchpriority=\"high\" decoding=\"async\" width=\"1024\" height=\"768\" src=\"https:\/\/www.mvbreitenau.at\/v2\/wp-content\/uploads\/2025\/06\/image-8.png\" alt=\"\" class=\"wp-image-3710\" srcset=\"http:\/\/www.mvbreitenau.at\/v2\/wp-content\/uploads\/2025\/06\/image-8.png 1024w, http:\/\/www.mvbreitenau.at\/v2\/wp-content\/uploads\/2025\/06\/image-8-300x225.png 300w, http:\/\/www.mvbreitenau.at\/v2\/wp-content\/uploads\/2025\/06\/image-8-768x576.png 768w\" sizes=\"(max-width: 1024px) 100vw, 1024px\" \/><\/figure>\n<\/div>\n\n\n<p>Abmarsch vom Park in Richtung Kindergarten, ein kurzer Stopp bei der Kirche, um den Hauptakteur der Feldmesse, Pater Martin abzuholen und dann die Suche nach einem geeigneten Platz.<\/p>\n\n\n\n<p>Wie in den Bildern leicht zu erkennen, waren fast alle erfolgreich und konnten somit der stimmungsvollen Feldmesse beiwohnen. Nach der Feldmesse ging es, nein marschierten wir im gesamten Tross, bestehend aus MVB, der Feuerwehr, der Gemeindevertretung, Pfarrer\/Mesner\/Ministranten und der teilnehmenden Bev\u00f6lkerung in den Park.<\/p>\n\n\n\n<p>Bestes Kaiserwetter, guter Besuch ist nat\u00fcrlich auch die beste B\u00fchne, um sich bei Personen zu bedanken und dies im gr\u00f6\u00dferen Format geb\u00fchrend zu feiern.<\/p>\n\n\n\n<figure class=\"wp-block-image size-full\"><img decoding=\"async\" width=\"1024\" height=\"769\" src=\"https:\/\/www.mvbreitenau.at\/v2\/wp-content\/uploads\/2025\/06\/image-7.png\" alt=\"\" class=\"wp-image-3709\" srcset=\"http:\/\/www.mvbreitenau.at\/v2\/wp-content\/uploads\/2025\/06\/image-7.png 1024w, http:\/\/www.mvbreitenau.at\/v2\/wp-content\/uploads\/2025\/06\/image-7-300x225.png 300w, http:\/\/www.mvbreitenau.at\/v2\/wp-content\/uploads\/2025\/06\/image-7-768x577.png 768w\" sizes=\"(max-width: 1024px) 100vw, 1024px\" \/><\/figure>\n\n\n\n<p>Bei Johannes &#8222;Johnny&#8220; Mauser durften wir uns als Baumspender 2025 herzlich bedanken, die Gemeindevertretung tat \u00e4hnliches und dankte Johannes f\u00fcr viele aktive Jahre im Dienste der Gemeinde mit Ehrenurkunde und Ehrenmedaille. Kaum zu glauben, dass er es in (noch) j\u00fcngere H\u00e4nde geben m\u00f6chte. Auch seitens des MVB danken wir Johannes in seiner Doppelrolle als aktives Mitglied und als Gemeindevertreter f\u00fcr die Unterst\u00fctzung der vergangenen Jahre und Jahrzehnte. <\/p>\n\n\n<div class=\"wp-block-image\">\n<figure class=\"aligncenter size-full is-resized\"><img decoding=\"async\" width=\"768\" height=\"1024\" src=\"https:\/\/www.mvbreitenau.at\/v2\/wp-content\/uploads\/2025\/06\/image-4.png\" alt=\"\" class=\"wp-image-3706\" style=\"width:270px;height:auto\" srcset=\"http:\/\/www.mvbreitenau.at\/v2\/wp-content\/uploads\/2025\/06\/image-4.png 768w, http:\/\/www.mvbreitenau.at\/v2\/wp-content\/uploads\/2025\/06\/image-4-225x300.png 225w, http:\/\/www.mvbreitenau.at\/v2\/wp-content\/uploads\/2025\/06\/image-4-300x400.png 300w\" sizes=\"(max-width: 768px) 100vw, 768px\" \/><\/figure>\n<\/div>\n\n\n<p><\/p>\n\n\n\n<p>Jahrzehnte trifft auch auf die Familie Duskanich zu, denn jeder Kirtagbaum muss auch im Park aufgestellt werden. Nach den ersten Jahren, wo uns die Fa. Pichler unterst\u00fctzte, \u00fcbernahm die Fa. Duskanich diese n vielleicht technisch nicht anspruchsvollen, aber f\u00fcr den Kirtag sehr wichtigen Part. Hierf\u00fcr haben wir uns mit kleinen Pr\u00e4senten, in Form von Musib\u00e4r-T-Shirts an die n\u00e4chste &#8222;Next-Generation der Fa. Duskanich&#8220; sehr bedankt und hoffen auch weiterhin auf diese technische Hilfestellung!<br><\/p>\n\n\n<div class=\"wp-block-image\">\n<figure class=\"aligncenter size-full is-resized\"><img loading=\"lazy\" decoding=\"async\" width=\"1024\" height=\"769\" src=\"https:\/\/www.mvbreitenau.at\/v2\/wp-content\/uploads\/2025\/06\/image-5.png\" alt=\"\" class=\"wp-image-3707\" style=\"width:596px;height:auto\" srcset=\"http:\/\/www.mvbreitenau.at\/v2\/wp-content\/uploads\/2025\/06\/image-5.png 1024w, http:\/\/www.mvbreitenau.at\/v2\/wp-content\/uploads\/2025\/06\/image-5-300x225.png 300w, http:\/\/www.mvbreitenau.at\/v2\/wp-content\/uploads\/2025\/06\/image-5-768x577.png 768w\" sizes=\"(max-width: 1024px) 100vw, 1024px\" \/><\/figure>\n<\/div>\n\n\n<p><br>Wie sich die Zeiten \u00e4ndern, erkennt man am Ausbau der Fernw\u00e4rme, des Gasnetzes bzw. der erneuerbaren Energieformen ungleich Kachelofen. In fr\u00fcheren Jahren wollte man den Baum unbedingt gewinnen, heutzutage w\u00fcnscht man sich gegenteiliges und w\u00fcnscht dem &#8222;Nachbar&#8220; nur das Beste.<\/p>\n\n\n\n<p>Aber es ist immer gut, wenn im Verwandtschaftsverbund noch jemand den Brennwert des Kirtagbaums erkennen und abrufen kann.<\/p>\n\n\n\n<p>Caissy aus Wiener Neustadt hat den Kirtagbaum 2025 gewonnen, aber zum Gl\u00fcck muss der Baum nicht die weite Reise nach Wiener Neustadt antreten, sondern biegt gleich in der Schwarzauer Stra\u00dfe ab in den Kachelofen.<\/p>\n\n\n\n<figure class=\"wp-block-image size-full\"><img loading=\"lazy\" decoding=\"async\" width=\"1024\" height=\"856\" src=\"https:\/\/www.mvbreitenau.at\/v2\/wp-content\/uploads\/2025\/06\/image-6.png\" alt=\"\" class=\"wp-image-3708\" srcset=\"http:\/\/www.mvbreitenau.at\/v2\/wp-content\/uploads\/2025\/06\/image-6.png 1024w, http:\/\/www.mvbreitenau.at\/v2\/wp-content\/uploads\/2025\/06\/image-6-300x251.png 300w, http:\/\/www.mvbreitenau.at\/v2\/wp-content\/uploads\/2025\/06\/image-6-768x642.png 768w\" sizes=\"(max-width: 1024px) 100vw, 1024px\" \/><\/figure>\n\n\n\n<p>Wir gratulieren sehr herzlichst und w\u00fcnschen im kommenden Winter einen geselligen Zusammenseim vor dem Ofen.<\/p>\n\n\n\n<p>Mit dem Umschneiden des Kirtagbaum wurde auch schon &#8222;langsam&#8220; der Kirtag 2025 abgeschlossen.<\/p>\n\n\n\n<p>Wir hoffen, im Namen aller Helfer, Beteiligten, dass es Dir \/ ihnen gefallen hat und w\u00fcnschen uns schon f\u00fcr 2026 ein \u00e4hnliches gute Wetter, einen \u00e4hnlichen Baum und wieder so regen Besuch und Interesse!<\/p>\n\n\n\n<p>&#8212;<\/p>\n\n\n\n<p>HaMa<br><br>Fotos: MVB<\/p>\n\n\n\n<p><\/p>\n","protected":false},"excerpt":{"rendered":"<p>Kirtag in Breitenau &#8211; Sonntag, 15. Juni 2025 Mitte Juni, erneut bestes Wetter und somit ein gelungener musikalischer und feierlicher Ausklang des Breitenauer Kirtags. Bei so einem Wetter sorgt man sich weniger wegen der Regenwolken am Himmel, sondern eher noch einen Platz im Schatten zu finden. Abmarsch vom Park in Richtung Kindergarten, ein kurzer Stopp [&hellip;]<\/p>\n","protected":false},"author":3,"featured_media":3705,"comment_status":"closed","ping_status":"closed","sticky":false,"template":"","format":"standard","meta":{"ocean_post_layout":"","ocean_both_sidebars_style":"","ocean_both_sidebars_content_width":0,"ocean_both_sidebars_sidebars_width":0,"ocean_sidebar":"0","ocean_second_sidebar":"0","ocean_disable_margins":"enable","ocean_add_body_class":"","ocean_shortcode_before_top_bar":"","ocean_shortcode_after_top_bar":"","ocean_shortcode_before_header":"","ocean_shortcode_after_header":"","ocean_has_shortcode":"","ocean_shortcode_after_title":"","ocean_shortcode_before_footer_widgets":"","ocean_shortcode_after_footer_widgets":"","ocean_shortcode_before_footer_bottom":"","ocean_shortcode_after_footer_bottom":"","ocean_display_top_bar":"default","ocean_display_header":"default","ocean_header_style":"","ocean_center_header_left_menu":"0","ocean_custom_header_template":"0","ocean_custom_logo":0,"ocean_custom_retina_logo":0,"ocean_custom_logo_max_width":0,"ocean_custom_logo_tablet_max_width":0,"ocean_custom_logo_mobile_max_width":0,"ocean_custom_logo_max_height":0,"ocean_custom_logo_tablet_max_height":0,"ocean_custom_logo_mobile_max_height":0,"ocean_header_custom_menu":"0","ocean_menu_typo_font_family":"0","ocean_menu_typo_font_subset":"","ocean_menu_typo_font_size":0,"ocean_menu_typo_font_size_tablet":0,"ocean_menu_typo_font_size_mobile":0,"ocean_menu_typo_font_size_unit":"px","ocean_menu_typo_font_weight":"","ocean_menu_typo_font_weight_tablet":"","ocean_menu_typo_font_weight_mobile":"","ocean_menu_typo_transform":"","ocean_menu_typo_transform_tablet":"","ocean_menu_typo_transform_mobile":"","ocean_menu_typo_line_height":0,"ocean_menu_typo_line_height_tablet":0,"ocean_menu_typo_line_height_mobile":0,"ocean_menu_typo_line_height_unit":"","ocean_menu_typo_spacing":0,"ocean_menu_typo_spacing_tablet":0,"ocean_menu_typo_spacing_mobile":0,"ocean_menu_typo_spacing_unit":"","ocean_menu_link_color":"","ocean_menu_link_color_hover":"","ocean_menu_link_color_active":"","ocean_menu_link_background":"","ocean_menu_link_hover_background":"","ocean_menu_link_active_background":"","ocean_menu_social_links_bg":"","ocean_menu_social_hover_links_bg":"","ocean_menu_social_links_color":"","ocean_menu_social_hover_links_color":"","ocean_disable_title":"default","ocean_disable_heading":"default","ocean_post_title":"","ocean_post_subheading":"","ocean_post_title_style":"","ocean_post_title_background_color":"","ocean_post_title_background":0,"ocean_post_title_bg_image_position":"","ocean_post_title_bg_image_attachment":"","ocean_post_title_bg_image_repeat":"","ocean_post_title_bg_image_size":"","ocean_post_title_height":0,"ocean_post_title_bg_overlay":0.5,"ocean_post_title_bg_overlay_color":"","ocean_disable_breadcrumbs":"default","ocean_breadcrumbs_color":"","ocean_breadcrumbs_separator_color":"","ocean_breadcrumbs_links_color":"","ocean_breadcrumbs_links_hover_color":"","ocean_display_footer_widgets":"default","ocean_display_footer_bottom":"default","ocean_custom_footer_template":"0","ocean_post_oembed":"","ocean_post_self_hosted_media":"","ocean_post_video_embed":"","ocean_link_format":"","ocean_link_format_target":"self","ocean_quote_format":"","ocean_quote_format_link":"post","ocean_gallery_link_images":"off","ocean_gallery_id":[],"footnotes":""},"categories":[68,36,35],"tags":[],"class_list":["post-3703","post","type-post","status-publish","format-standard","has-post-thumbnail","hentry","category-68","category-bericht","category-vereinsleben","entry","has-media"],"_links":{"self":[{"href":"http:\/\/www.mvbreitenau.at\/v2\/index.php?rest_route=\/wp\/v2\/posts\/3703","targetHints":{"allow":["GET"]}}],"collection":[{"href":"http:\/\/www.mvbreitenau.at\/v2\/index.php?rest_route=\/wp\/v2\/posts"}],"about":[{"href":"http:\/\/www.mvbreitenau.at\/v2\/index.php?rest_route=\/wp\/v2\/types\/post"}],"author":[{"embeddable":true,"href":"http:\/\/www.mvbreitenau.at\/v2\/index.php?rest_route=\/wp\/v2\/users\/3"}],"replies":[{"embeddable":true,"href":"http:\/\/www.mvbreitenau.at\/v2\/index.php?rest_route=%2Fwp%2Fv2%2Fcomments&post=3703"}],"version-history":[{"count":2,"href":"http:\/\/www.mvbreitenau.at\/v2\/index.php?rest_route=\/wp\/v2\/posts\/3703\/revisions"}],"predecessor-version":[{"id":3711,"href":"http:\/\/www.mvbreitenau.at\/v2\/index.php?rest_route=\/wp\/v2\/posts\/3703\/revisions\/3711"}],"wp:featuredmedia":[{"embeddable":true,"href":"http:\/\/www.mvbreitenau.at\/v2\/index.php?rest_route=\/wp\/v2\/media\/3705"}],"wp:attachment":[{"href":"http:\/\/www.mvbreitenau.at\/v2\/index.php?rest_route=%2Fwp%2Fv2%2Fmedia&parent=3703"}],"wp:term":[{"taxonomy":"category","embeddable":true,"href":"http:\/\/www.mvbreitenau.at\/v2\/index.php?rest_route=%2Fwp%2Fv2%2Fcategories&post=3703"},{"taxonomy":"post_tag","embeddable":true,"href":"http:\/\/www.mvbreitenau.at\/v2\/index.php?rest_route=%2Fwp%2Fv2%2Ftags&post=3703"}],"curies":[{"name":"wp","href":"https:\/\/api.w.org\/{rel}","templated":true}]}}